{"id":222835,"date":"2026-07-07T15:03:42","date_gmt":"2026-07-07T15:03:42","guid":{"rendered":"https:\/\/www.europesays.com\/ee\/222835\/"},"modified":"2026-07-07T15:03:42","modified_gmt":"2026-07-07T15:03:42","slug":"tooonnetus-noudis-taas-inimelu-eesti-ettevotte-31-aastane-tootaja-lambus-latis-tooulesandeid-taites-3","status":"publish","type":"post","link":"https:\/\/www.europesays.com\/ee\/222835\/","title":{"rendered":"T\u00f6\u00f6\u00f5nnetus n\u00f5udis taas inimelu. Eesti ettev\u00f5tte 31-aastane t\u00f6\u00f6taja l\u00e4mbus L\u00e4tis t\u00f6\u00f6\u00fclesandeid t\u00e4ites"},"content":{"rendered":"<p>Inspektsiooni andmete j\u00e4rgi auditeeris t\u00f6\u00f6taja parasjagu s\u00fcsihappegaasi balloone. T\u00f6\u00f6 k\u00e4igus p\u00e4\u00e4ses gaas v\u00e4lja ning t\u00f6\u00f6taja l\u00e4mbus.<\/p>\n<p>Delfi \u00c4rileht avaldab hukkunu l\u00e4hedastele s\u00fcgavat kaastunnet. <\/p>\n<p>Teadaolevalt on tegemist t\u00e4navu juba neljanda m\u00f5nes Eesti ettev\u00f5ttes surmaga l\u00f5ppenud t\u00f6\u00f6\u00f5nnetusega. Viimati n\u00f5udis t\u00f6\u00f6\u00f5nnetus elu 11. juunil, kui Tartus kukkus 53-aastane mees akende pesemise ajal alla ligikaudu nelja meetri k\u00f5rguselt varikatuselt. T\u00f6\u00f6taja viidi haiglasse, kus ta saadud vigastustesse hiljem suri.<\/p>\n<p>Kuidas see lugu Sind end tundma pani? Saada <a href=\"https:\/\/arileht.delfi.ee\/artikkel\/120595505\/tooonnetus-noudis-taas-inimelu-eesti-ettevotte-31-aastane-tootaja-lambus-latis-tooulesandeid-taites\/kommentaarid\" class=\"article-body-bottom__comment article-body-bottom__comment--write button button--primary button--size-auto\" rel=\"nofollow noopener\" target=\"_blank\"> Kommenteeri <\/a><a href=\"https:\/\/arileht.delfi.ee\/artikkel\/120595505\/tooonnetus-noudis-taas-inimelu-eesti-ettevotte-31-aastane-tootaja-lambus-latis-tooulesandeid-taites\/kommentaarid\" class=\"article-body-bottom__comment article-body-bottom__comment--read button button--size-auto\" rel=\"nofollow noopener\" target=\"_blank\"> Loe kommentaare (31)<\/a><\/p>\n","protected":false},"excerpt":{"rendered":"Inspektsiooni andmete j\u00e4rgi auditeeris t\u00f6\u00f6taja parasjagu s\u00fcsihappegaasi balloone. T\u00f6\u00f6 k\u00e4igus p\u00e4\u00e4ses gaas v\u00e4lja ning t\u00f6\u00f6taja l\u00e4mbus. Delfi \u00c4rileht&hellip;\n","protected":false},"author":2,"featured_media":222441,"comment_status":"","ping_status":"","sticky":false,"template":"","format":"standard","meta":{"footnotes":"","_share_on_mastodon":"0"},"categories":[12],"tags":[26,27,37,33,35,34,36,31,32,21,28,29,19,25,3793,23,24,22,20,30],"class_list":["post-222835","post","type-post","status-publish","format-standard","has-post-thumbnail","category-eesti","tag-breaking-news","tag-breakingnews","tag-ee","tag-eesti","tag-eesti-keel","tag-estonia","tag-estonian","tag-featured-news","tag-featurednews","tag-headlines","tag-latest-news","tag-latestnews","tag-news","tag-populaarseimad-lood","tag-tooonnetus","tag-top-stories","tag-topstories","tag-uldised-uudised","tag-uudised","tag-viimased-uudised"],"share_on_mastodon":{"url":"https:\/\/pubeurope.com\/@ee\/116879307727487270","error":""},"_links":{"self":[{"href":"https:\/\/www.europesays.com\/ee\/wp-json\/wp\/v2\/posts\/222835","targetHints":{"allow":["GET"]}}],"collection":[{"href":"https:\/\/www.europesays.com\/ee\/wp-json\/wp\/v2\/posts"}],"about":[{"href":"https:\/\/www.europesays.com\/ee\/wp-json\/wp\/v2\/types\/post"}],"author":[{"embeddable":true,"href":"https:\/\/www.europesays.com\/ee\/wp-json\/wp\/v2\/users\/2"}],"replies":[{"embeddable":true,"href":"https:\/\/www.europesays.com\/ee\/wp-json\/wp\/v2\/comments?post=222835"}],"version-history":[{"count":0,"href":"https:\/\/www.europesays.com\/ee\/wp-json\/wp\/v2\/posts\/222835\/revisions"}],"wp:featuredmedia":[{"embeddable":true,"href":"https:\/\/www.europesays.com\/ee\/wp-json\/wp\/v2\/media\/222441"}],"wp:attachment":[{"href":"https:\/\/www.europesays.com\/ee\/wp-json\/wp\/v2\/media?parent=222835"}],"wp:term":[{"taxonomy":"category","embeddable":true,"href":"https:\/\/www.europesays.com\/ee\/wp-json\/wp\/v2\/categories?post=222835"},{"taxonomy":"post_tag","embeddable":true,"href":"https:\/\/www.europesays.com\/ee\/wp-json\/wp\/v2\/tags?post=222835"}],"curies":[{"name":"wp","href":"https:\/\/api.w.org\/{rel}","templated":true}]}}