{"id":222842,"date":"2026-07-07T15:15:12","date_gmt":"2026-07-07T15:15:12","guid":{"rendered":"https:\/\/www.europesays.com\/ee\/222842\/"},"modified":"2026-07-07T15:15:12","modified_gmt":"2026-07-07T15:15:12","slug":"kohus-jattis-ulemiste-keskuses-plahvatuse-korraldanud-mehe-vahi-alla-eesti","status":"publish","type":"post","link":"https:\/\/www.europesays.com\/ee\/222842\/","title":{"rendered":"Kohus j\u00e4ttis \u00dclemiste keskuses plahvatuse korraldanud mehe vahi alla | Eesti"},"content":{"rendered":"<p>Harju maakohus otsustas \u00dclemiste kaubanduskeskuses plahvatuse korraldanud Artur Boiko vahi alla j\u00e4tta.<\/p>\n<p>Teisip\u00e4eval arutati Harju maakohtus Boiko vahi alla j\u00e4tmise k\u00fcsimust. Kohtu seisukoht oli, et Boiko peaks j\u00e4\u00e4ma vahi alla, kuna talle esitatud s\u00fc\u00fcdistus on raske ja Boiko on ka varem karistatud,\u00a0\u00fctles Harju maakohtu pressiesindaja Viivika Siplane.<\/p>\n<p>Boiko avaldas ka soovi asendada vahi all olemine elektroonilise valvega. Elektroonilise valve taotluse lahendab kohus peale seda kui on saanud kriminaalhooldajalt vastuse.<\/p>\n<p>Boiko taotles ka m\u00e4\u00e4ratud kaitsja taandamist, aga menetlusosalised ei toetanud seda ja kohus ei rahuldanud taotlust.<\/p>\n<p>J\u00e4rgmine istung toimub 31. augustil, kus on teemaks tsiviilhagi menetlusse v\u00f5tmine, kohtuliku uurimise planeerimine ja v\u00f5imalike taotluste lahendamine.<\/p>\n<p>M\u00f6\u00f6dunud aasta j\u00f5ulude eel korraldas Boiko <a href=\"https:\/\/www.err.ee\/1609892071\/tallinna-ulemiste-keskuses-toimus-plahvatus\" rel=\"nofollow noopener\" target=\"_blank\">\u00dclemiste kaubanduskeskuses plahvatuse<\/a>, milles sai vigastada koristaja.<\/p>\n<p>Juunis esitas prokuratuur Boikole s\u00fc\u00fcdistuse l\u00f5hkeaine ebaseaduslikus k\u00e4itlemises, plahvatuse tekitamises ja katses l\u00f5hkeseadeldisega teist inimest m\u00f5rvata<\/p>\n<p>S\u00fc\u00fcdistuse kohaselt viis Boiko omavalmistatud l\u00f5hkeseadeldise 20. detsembri \u00f5htul \u00dclemiste kaubanduskeskusesse, paigaldas selle Rimi kassaderivi vastas olevasse pr\u00fcgikonteinerisse ning lahkus s\u00fcndmuskohalt. Ligi poolteist tundi hiljem, kui koristaja asus pr\u00fcgikasti t\u00fchjendama, toimus plahvatus.<\/p>\n<p>Lisaks s\u00fc\u00fcdistab prokuratuur teda plahvatuse tekitamises ning suures koguses l\u00f5hkeaine ning selle oluliste osade ebaseaduslikus k\u00e4itlemises.<\/p>\n<p>Kaitsepolitsei peadirektori aset\u00e4itja Andres Ratassepp s\u00f5nas, et Boiko elukoha l\u00e4biotsimisel suudeti k\u00f5rvaldada tema kasutusest suures koguses isevalmistatud l\u00f5hkeainet ja esialgsel hinnangul \u00fcle 60 isevalmistatud l\u00f5hkeseadeldise.<\/p>\n<p>\u00dclemiste kaubanduskeskuses toimunud plahvatusele j\u00e4rgnenud menetlustoimingutel osales kokku \u00fcle saja inimese \u2013 lisaks kaitsepolitseiametnikele veel ligi 90 politseiametnikku, k\u00fcmme p\u00e4\u00e4stjat, kuus demineerijat ja koer.<\/p>\n","protected":false},"excerpt":{"rendered":"Harju maakohus otsustas \u00dclemiste kaubanduskeskuses plahvatuse korraldanud Artur Boiko vahi alla j\u00e4tta. Teisip\u00e4eval arutati Harju maakohtus Boiko vahi&hellip;\n","protected":false},"author":2,"featured_media":222843,"comment_status":"","ping_status":"","sticky":false,"template":"","format":"standard","meta":{"footnotes":"","_share_on_mastodon":"0"},"categories":[12],"tags":[37040,26,27,37,33,35,34,36,31,32,3995,21,1752,28,29,2091,90700,19,612,90699,25,23,24,22,2805,20,30],"class_list":["post-222842","post","type-post","status-publish","format-standard","has-post-thumbnail","category-eesti","tag-artur-boiko","tag-breaking-news","tag-breakingnews","tag-ee","tag-eesti","tag-eesti-keel","tag-estonia","tag-estonian","tag-featured-news","tag-featurednews","tag-harju-maakohus","tag-headlines","tag-kohus","tag-latest-news","tag-latestnews","tag-lohkeaine","tag-lohkeseade","tag-news","tag-pomm","tag-pommimees","tag-populaarseimad-lood","tag-top-stories","tag-topstories","tag-uldised-uudised","tag-ulemiste-keskus","tag-uudised","tag-viimased-uudised"],"share_on_mastodon":{"url":"https:\/\/pubeurope.com\/@ee\/116879355250353573","error":""},"_links":{"self":[{"href":"https:\/\/www.europesays.com\/ee\/wp-json\/wp\/v2\/posts\/222842","targetHints":{"allow":["GET"]}}],"collection":[{"href":"https:\/\/www.europesays.com\/ee\/wp-json\/wp\/v2\/posts"}],"about":[{"href":"https:\/\/www.europesays.com\/ee\/wp-json\/wp\/v2\/types\/post"}],"author":[{"embeddable":true,"href":"https:\/\/www.europesays.com\/ee\/wp-json\/wp\/v2\/users\/2"}],"replies":[{"embeddable":true,"href":"https:\/\/www.europesays.com\/ee\/wp-json\/wp\/v2\/comments?post=222842"}],"version-history":[{"count":0,"href":"https:\/\/www.europesays.com\/ee\/wp-json\/wp\/v2\/posts\/222842\/revisions"}],"wp:featuredmedia":[{"embeddable":true,"href":"https:\/\/www.europesays.com\/ee\/wp-json\/wp\/v2\/media\/222843"}],"wp:attachment":[{"href":"https:\/\/www.europesays.com\/ee\/wp-json\/wp\/v2\/media?parent=222842"}],"wp:term":[{"taxonomy":"category","embeddable":true,"href":"https:\/\/www.europesays.com\/ee\/wp-json\/wp\/v2\/categories?post=222842"},{"taxonomy":"post_tag","embeddable":true,"href":"https:\/\/www.europesays.com\/ee\/wp-json\/wp\/v2\/tags?post=222842"}],"curies":[{"name":"wp","href":"https:\/\/api.w.org\/{rel}","templated":true}]}}