{"id":222857,"date":"2026-07-07T15:38:18","date_gmt":"2026-07-07T15:38:18","guid":{"rendered":"https:\/\/www.europesays.com\/ee\/222857\/"},"modified":"2026-07-07T15:38:18","modified_gmt":"2026-07-07T15:38:18","slug":"loometuulutus-toi-kuressaare-loomepaikadesse-rohkelt-uudishimulikke-kulastajaid","status":"publish","type":"post","link":"https:\/\/www.europesays.com\/ee\/222857\/","title":{"rendered":"Loometuulutus t\u00f5i Kuressaare loomepaikadesse rohkelt uudishimulikke k\u00fclastajaid"},"content":{"rendered":"<p>P\u00e4eva jooksul liikusid k\u00fclastajad loomekaardi abil \u00fchest paigast teise ning avastasid Kuressaaret hoopis uue nurga alt. Elevust tekitas ka templite kogumine ja auhinnaloos, mis muutis p\u00e4eva paljude jaoks justkui v\u00e4ikeseks aardejahiks.<\/p>\n<p>Loometuulutuse eesm\u00e4rk oli tuua inimesed l\u00e4hemale Saaremaa loomeinimestele ning avada paiku, kuhu tavaliselt ei satuta. V\u00f5imalus kohtuda kunstnike ja k\u00e4sit\u00f6\u00f6listega nende enda loomingukeskkonnas l\u00f5i vahetu ja isikliku kogemuse.<\/p>\n<p>P\u00e4eva jooksul oli r\u00f5\u00f5m n\u00e4ha palju uudishimulikke ja elevil k\u00fclastajaid, kes said kogeda midagi uut ning avastada Kuressaare loomingulist poolt.<\/p>\n<p>Korraldajad t\u00e4navad s\u00fcdamest k\u00f5iki osalejaid ja k\u00fclastajaid \u2013 ilma teieta poleks Loometuulutust s\u00fcndinud. Esimese aasta soe vastuv\u00f5tt annab julgust m\u00f5elda juba j\u00e4rgmisele Loometuulutusele.<\/p>\n","protected":false},"excerpt":{"rendered":"P\u00e4eva jooksul liikusid k\u00fclastajad loomekaardi abil \u00fchest paigast teise ning avastasid Kuressaaret hoopis uue nurga alt. Elevust tekitas&hellip;\n","protected":false},"author":2,"featured_media":222858,"comment_status":"","ping_status":"","sticky":false,"template":"","format":"standard","meta":{"footnotes":"","_share_on_mastodon":"0"},"categories":[12],"tags":[26,27,37,33,35,34,36,31,32,21,29986,7241,456,28,29,90706,90705,89890,19,25,90703,90704,23,24,22,20,30],"class_list":["post-222857","post","type-post","status-publish","format-standard","has-post-thumbnail","category-eesti","tag-breaking-news","tag-breakingnews","tag-ee","tag-eesti","tag-eesti-keel","tag-estonia","tag-estonian","tag-featured-news","tag-featurednews","tag-headlines","tag-kasitoolised","tag-kunstnikud","tag-kuressaare","tag-latest-news","tag-latestnews","tag-loomekaart","tag-loomepaigad","tag-loometuulutus","tag-news","tag-populaarseimad-lood","tag-saaremaa-kunstiklubi-mtu","tag-saaremaa-loomeinimesed","tag-top-stories","tag-topstories","tag-uldised-uudised","tag-uudised","tag-viimased-uudised"],"share_on_mastodon":{"url":"https:\/\/pubeurope.com\/@ee\/116879445722742853","error":""},"_links":{"self":[{"href":"https:\/\/www.europesays.com\/ee\/wp-json\/wp\/v2\/posts\/222857","targetHints":{"allow":["GET"]}}],"collection":[{"href":"https:\/\/www.europesays.com\/ee\/wp-json\/wp\/v2\/posts"}],"about":[{"href":"https:\/\/www.europesays.com\/ee\/wp-json\/wp\/v2\/types\/post"}],"author":[{"embeddable":true,"href":"https:\/\/www.europesays.com\/ee\/wp-json\/wp\/v2\/users\/2"}],"replies":[{"embeddable":true,"href":"https:\/\/www.europesays.com\/ee\/wp-json\/wp\/v2\/comments?post=222857"}],"version-history":[{"count":0,"href":"https:\/\/www.europesays.com\/ee\/wp-json\/wp\/v2\/posts\/222857\/revisions"}],"wp:featuredmedia":[{"embeddable":true,"href":"https:\/\/www.europesays.com\/ee\/wp-json\/wp\/v2\/media\/222858"}],"wp:attachment":[{"href":"https:\/\/www.europesays.com\/ee\/wp-json\/wp\/v2\/media?parent=222857"}],"wp:term":[{"taxonomy":"category","embeddable":true,"href":"https:\/\/www.europesays.com\/ee\/wp-json\/wp\/v2\/categories?post=222857"},{"taxonomy":"post_tag","embeddable":true,"href":"https:\/\/www.europesays.com\/ee\/wp-json\/wp\/v2\/tags?post=222857"}],"curies":[{"name":"wp","href":"https:\/\/api.w.org\/{rel}","templated":true}]}}