{"id":222991,"date":"2026-07-07T19:47:20","date_gmt":"2026-07-07T19:47:20","guid":{"rendered":"https:\/\/www.europesays.com\/ee\/222991\/"},"modified":"2026-07-07T19:47:20","modified_gmt":"2026-07-07T19:47:20","slug":"horoskoop-%e2%9f%a9-kellel-tasub-kuulata-sudant-kellel-votta-aeg-maha","status":"publish","type":"post","link":"https:\/\/www.europesays.com\/ee\/222991\/","title":{"rendered":"HOROSKOOP \u27e9 Kellel tasub kuulata s\u00fcdant, kellel v\u00f5tta aeg maha?"},"content":{"rendered":"<p class=\"MsoNormal\">Aeg soosib s\u00f5bralikke \u00fchistegevusi ning v\u00f5ib ka kireleegi l\u00f5kkele puhuda. Sul v\u00f5ib alata pikemalt kestma j\u00e4\u00e4v suhe.<\/p>\n<p class=\"MsoNormal\">Tahad r\u00e4\u00e4kida teemadel, mis su hinge t\u00f5eliselt puudutavad. Hea aeg kohtumaks inimestega, kellega sul on \u00fchised huvialad.<\/p>\n<p class=\"MsoNormal\">Oled omas elemendis, tunned end k\u00f5ige paremini teel olles. Kerged ja meeldivad jututeemad on toredad, pikemalt s\u00fcveneda sa vaevalt viitsid.<\/p>\n<p class=\"MsoNormal\">Kui kellestki puudust tunned, on parim m\u00f5te selle inimesega \u00fchendust v\u00f5tta. Sinu t\u00e4helepanu v\u00f5ib ta meele r\u00f5\u00f5msaks teha.<\/p>\n<p class=\"MsoNormal\">Saad vaikselt oma m\u00f5tteid m\u00f5lgutada ja plaane seedida. Ilmselt on su t\u00e4helepanu t\u00f5sistel, kaalukatel teemadel.<\/p>\n<p class=\"MsoNormal\">Vajad keskkonnavahetust. V\u00f5iksid ette v\u00f5tta v\u00e4ikese v\u00e4ljas\u00f5idu, k\u00fclastada inimesi, kellega peaks suhteid v\u00e4rskendama.<\/p>\n<p class=\"MsoNormal\">Kipud oma pead t\u00f5siste m\u00f5tetega vaevama. M\u00f5ni asi lihtsalt tuleb selgeks m\u00f5elda.<\/p>\n<p class=\"MsoNormal\">V\u00f5ta aega kalli inimesega kahekesi olemiseks. Kui su k\u00f5rval ei ole kindlat partnerit, otsi suhtlusv\u00f5imalusi tarkade inimeste seltskonnas.<\/p>\n<p class=\"MsoNormal\">Saad m\u00f5ndagi \u00e4ra teha, et oma tervist turgutada. Eriti juhul, kui veidi v\u00e4simust tunned, tasub senine eluviis kriitilise pilguga \u00fcle vaadata.<\/p>\n<p class=\"MsoNormal\">\u00c4ra muretse t\u00f6\u00f6asjade p\u00e4rast! Mine huvitavasse seltskonda, kus leidub p\u00f5nevaid vestluskaaslasi.<\/p>\n<p class=\"MsoNormal\">Tunned end l\u00e4hedaste keskel koduses milj\u00f6\u00f6s v\u00e4gagi h\u00e4sti. R\u00f5\u00f5muga teed midagi sellist, mis perekonda tugevamini \u00fchte liidab.<\/p>\n<p class=\"MsoNormal\">Kui sa oma igap\u00e4evaseid harjumusi piisavalt tervislikeks ei pea, siis on n\u00fc\u00fcd aeg teha otsustav muudatus. Tahtej\u00f5udu on sul palju.<\/p>\n","protected":false},"excerpt":{"rendered":"Aeg soosib s\u00f5bralikke \u00fchistegevusi ning v\u00f5ib ka kireleegi l\u00f5kkele puhuda. Sul v\u00f5ib alata pikemalt kestma j\u00e4\u00e4v suhe. Tahad&hellip;\n","protected":false},"author":2,"featured_media":199149,"comment_status":"","ping_status":"","sticky":false,"template":"","format":"standard","meta":{"footnotes":"","_share_on_mastodon":"0"},"categories":[16],"tags":[19497,37,33,35,173,34,36,206,19493,19496,9135,9138,90723,19494,140,19495,9137,9136,37531,4194],"class_list":["post-222991","post","type-post","status-publish","format-standard","has-post-thumbnail","category-meelelahutus","tag-ambur","tag-ee","tag-eesti","tag-eesti-keel","tag-entertainment","tag-estonia","tag-estonian","tag-horoskoop","tag-jaar","tag-kaalud","tag-kaksikud","tag-kaljukits","tag-kellel-tasub-kuulata-sudant","tag-lovi","tag-meelelahutus","tag-neitsi","tag-skorpion","tag-sonn","tag-tahtkujud","tag-vahk"],"share_on_mastodon":{"url":"https:\/\/pubeurope.com\/@ee\/116880424778084790","error":""},"_links":{"self":[{"href":"https:\/\/www.europesays.com\/ee\/wp-json\/wp\/v2\/posts\/222991","targetHints":{"allow":["GET"]}}],"collection":[{"href":"https:\/\/www.europesays.com\/ee\/wp-json\/wp\/v2\/posts"}],"about":[{"href":"https:\/\/www.europesays.com\/ee\/wp-json\/wp\/v2\/types\/post"}],"author":[{"embeddable":true,"href":"https:\/\/www.europesays.com\/ee\/wp-json\/wp\/v2\/users\/2"}],"replies":[{"embeddable":true,"href":"https:\/\/www.europesays.com\/ee\/wp-json\/wp\/v2\/comments?post=222991"}],"version-history":[{"count":0,"href":"https:\/\/www.europesays.com\/ee\/wp-json\/wp\/v2\/posts\/222991\/revisions"}],"wp:featuredmedia":[{"embeddable":true,"href":"https:\/\/www.europesays.com\/ee\/wp-json\/wp\/v2\/media\/199149"}],"wp:attachment":[{"href":"https:\/\/www.europesays.com\/ee\/wp-json\/wp\/v2\/media?parent=222991"}],"wp:term":[{"taxonomy":"category","embeddable":true,"href":"https:\/\/www.europesays.com\/ee\/wp-json\/wp\/v2\/categories?post=222991"},{"taxonomy":"post_tag","embeddable":true,"href":"https:\/\/www.europesays.com\/ee\/wp-json\/wp\/v2\/tags?post=222991"}],"curies":[{"name":"wp","href":"https:\/\/api.w.org\/{rel}","templated":true}]}}