{"id":223025,"date":"2026-07-07T21:19:32","date_gmt":"2026-07-07T21:19:32","guid":{"rendered":"https:\/\/www.europesays.com\/ee\/223025\/"},"modified":"2026-07-07T21:19:32","modified_gmt":"2026-07-07T21:19:32","slug":"fotod-tartu-punch-2026-ambitsioonikas-festival-kus-kontserdivaliku-parast-muretsema-ei-pidanud","status":"publish","type":"post","link":"https:\/\/www.europesays.com\/ee\/223025\/","title":{"rendered":"FOTOD | Tartu Punch 2026: ambitsioonikas festival, kus kontserdivaliku p\u00e4rast muretsema ei pidanud"},"content":{"rendered":"<p>Kuigi korraldajatel v\u00f5iks j\u00e4rgnevatel aastatel olla ambitsiooni meelitada laululavale nii palju rahvast, kui see mahutab, ehk \u00fcle 10 000 inimese, said sel korral kohale tulnud ligikaudu 3000 k\u00fclastajat osa kirevast ja meeleolukast festivalist, kus ei pidanud muretsema paralleelsete laivide p\u00e4rast ja sai soovi korral rahulikult k\u00f5iki etteasteid j\u00e4rgem\u00f6\u00f6da kuulata.<\/p>\n","protected":false},"excerpt":{"rendered":"Kuigi korraldajatel v\u00f5iks j\u00e4rgnevatel aastatel olla ambitsiooni meelitada laululavale nii palju rahvast, kui see mahutab, ehk \u00fcle 10&hellip;\n","protected":false},"author":2,"featured_media":223026,"comment_status":"","ping_status":"","sticky":false,"template":"","format":"standard","meta":{"footnotes":"","_share_on_mastodon":"0"},"categories":[12],"tags":[26,27,37,33,35,34,36,31,32,21,28,29,19,25,5020,249,55870,242,23,24,22,20,30],"class_list":["post-223025","post","type-post","status-publish","format-standard","has-post-thumbnail","category-eesti","tag-breaking-news","tag-breakingnews","tag-ee","tag-eesti","tag-eesti-keel","tag-estonia","tag-estonian","tag-featured-news","tag-featurednews","tag-headlines","tag-latest-news","tag-latestnews","tag-news","tag-populaarseimad-lood","tag-sadu","tag-tartu","tag-tartu-punch","tag-tommy-cash","tag-top-stories","tag-topstories","tag-uldised-uudised","tag-uudised","tag-viimased-uudised"],"share_on_mastodon":{"url":"https:\/\/pubeurope.com\/@ee\/116880786379074834","error":""},"_links":{"self":[{"href":"https:\/\/www.europesays.com\/ee\/wp-json\/wp\/v2\/posts\/223025","targetHints":{"allow":["GET"]}}],"collection":[{"href":"https:\/\/www.europesays.com\/ee\/wp-json\/wp\/v2\/posts"}],"about":[{"href":"https:\/\/www.europesays.com\/ee\/wp-json\/wp\/v2\/types\/post"}],"author":[{"embeddable":true,"href":"https:\/\/www.europesays.com\/ee\/wp-json\/wp\/v2\/users\/2"}],"replies":[{"embeddable":true,"href":"https:\/\/www.europesays.com\/ee\/wp-json\/wp\/v2\/comments?post=223025"}],"version-history":[{"count":0,"href":"https:\/\/www.europesays.com\/ee\/wp-json\/wp\/v2\/posts\/223025\/revisions"}],"wp:featuredmedia":[{"embeddable":true,"href":"https:\/\/www.europesays.com\/ee\/wp-json\/wp\/v2\/media\/223026"}],"wp:attachment":[{"href":"https:\/\/www.europesays.com\/ee\/wp-json\/wp\/v2\/media?parent=223025"}],"wp:term":[{"taxonomy":"category","embeddable":true,"href":"https:\/\/www.europesays.com\/ee\/wp-json\/wp\/v2\/categories?post=223025"},{"taxonomy":"post_tag","embeddable":true,"href":"https:\/\/www.europesays.com\/ee\/wp-json\/wp\/v2\/tags?post=223025"}],"curies":[{"name":"wp","href":"https:\/\/api.w.org\/{rel}","templated":true}]}}