{"id":223135,"date":"2026-07-08T04:57:10","date_gmt":"2026-07-08T04:57:10","guid":{"rendered":"https:\/\/www.europesays.com\/ee\/223135\/"},"modified":"2026-07-08T04:57:10","modified_gmt":"2026-07-08T04:57:10","slug":"paevahoroskoop-%e2%9f%a9-8-juuli-sonnil-on-aeg-sisemist-vage-koguda-skorpionil-on-tervisemured","status":"publish","type":"post","link":"https:\/\/www.europesays.com\/ee\/223135\/","title":{"rendered":"P\u00c4EVAHOROSKOOP \u27e9 8. juuli: S\u00f5nnil on aeg sisemist v\u00e4ge koguda, Skorpionil on tervisemured"},"content":{"rendered":"<p>Kuu liigub J\u00e4\u00e4ra m\u00e4rgis, nii on sinu emotsionaalne eluj\u00f5ud tugev. Keskendu julgelt isiklikele vajadustele ja algata julgeid projekte.<\/p>\n<p>Aeg kutsub argip\u00e4evak\u00e4rast tagasi t\u00f5mbuma ja sisemist v\u00e4ge koguma. Lae oma akusid \u00fcksinduses ja usalda vaikuses tekkivaid h\u00e4id m\u00f5tteid.<\/p>\n<p>Sotsiaalne aktiivsus t\u00f5useb, p\u00e4ev v\u00f5ib tuua kohtumisi s\u00f5pradega. Jaga oma lennukaid ideid, sest \u00fchine tegutsemine s\u00fcstib sinu hinge suurt indu.<\/p>\n<p>T\u00f6\u00f6alased eesm\u00e4rgid vajavad kiiret ja otsustavat panust. N\u00e4ita ja arenda oma juhtimisoskusi, sinu enesekindlust m\u00e4rgatakse.<\/p>\n<p>Sind valdab suur seiklusjanu ja vajadus laiendada silmaringi. Sobiv hetk uute teadmiste omandamiseks v\u00f5i julgete r\u00e4nnakute planeerimiseks.<\/p>\n<p>Aeg n\u00f5uab emotsionaalset julgust, et pealispinna alla vaadata. Lahenda kerkinud k\u00fcsimused ja vabasta end k\u00f5igest aegunust.<\/p>\n<p>Fookuses on koost\u00f6\u00f6 teiste inimestega. Leia tasakaal enda ja kaaslaste soovide vahel, tegutsedes avatult ja d\u00fcnaamiliselt.<\/p>\n<p>Terviseteemad n\u00f5uavad sinult kiiret reageerimist. Korrasta oma rutiine ja too p\u00e4eva energiat l\u00e4bi aktiivse liikumise.<\/p>\n<p>Loovus ja elur\u00f5\u00f5m saavad inspireeriva energias\u00fcsti. T\u00e4iuslik aeg enese v\u00e4ljendamiseks, hobidega tegelemiseks ja romantikaks.<\/p>\n<p>T\u00e4helepanu p\u00f6\u00f6rdub peresuhetele. Loo oma elamisse m\u00f5nusat d\u00fcnaamikat, tegutse julgelt ja leia kindlustunne oma l\u00e4hedaste seast.<\/p>\n<p>Infovahetus muutub erakordselt kiireks. Sinu m\u00f5tted on lennukad, too oma ideed julgelt ja otsekoheselt kuuldavale.<\/p>\n<p>Esile kerkib soov suurendada ainelist kindlustunnet. Vaata \u00fcle oma ressursid ja astu julgeid samme sissetulekute kasvatamiseks.<\/p>\n","protected":false},"excerpt":{"rendered":"Kuu liigub J\u00e4\u00e4ra m\u00e4rgis, nii on sinu emotsionaalne eluj\u00f5ud tugev. Keskendu julgelt isiklikele vajadustele ja algata julgeid projekte.&hellip;\n","protected":false},"author":2,"featured_media":223136,"comment_status":"","ping_status":"","sticky":false,"template":"","format":"standard","meta":{"footnotes":"","_share_on_mastodon":"0"},"categories":[16],"tags":[19497,9943,37,33,35,173,34,36,206,19493,19496,9135,6558,19494,140,19495,9137,90568,9136,37531],"class_list":["post-223135","post","type-post","status-publish","format-standard","has-post-thumbnail","category-meelelahutus","tag-ambur","tag-astroloogia","tag-ee","tag-eesti","tag-eesti-keel","tag-entertainment","tag-estonia","tag-estonian","tag-horoskoop","tag-jaar","tag-kaalud","tag-kaksikud","tag-kalad","tag-lovi","tag-meelelahutus","tag-neitsi","tag-skorpion","tag-sodiaak","tag-sonn","tag-tahtkujud"],"share_on_mastodon":{"url":"https:\/\/pubeurope.com\/@ee\/116882587483565079","error":""},"_links":{"self":[{"href":"https:\/\/www.europesays.com\/ee\/wp-json\/wp\/v2\/posts\/223135","targetHints":{"allow":["GET"]}}],"collection":[{"href":"https:\/\/www.europesays.com\/ee\/wp-json\/wp\/v2\/posts"}],"about":[{"href":"https:\/\/www.europesays.com\/ee\/wp-json\/wp\/v2\/types\/post"}],"author":[{"embeddable":true,"href":"https:\/\/www.europesays.com\/ee\/wp-json\/wp\/v2\/users\/2"}],"replies":[{"embeddable":true,"href":"https:\/\/www.europesays.com\/ee\/wp-json\/wp\/v2\/comments?post=223135"}],"version-history":[{"count":0,"href":"https:\/\/www.europesays.com\/ee\/wp-json\/wp\/v2\/posts\/223135\/revisions"}],"wp:featuredmedia":[{"embeddable":true,"href":"https:\/\/www.europesays.com\/ee\/wp-json\/wp\/v2\/media\/223136"}],"wp:attachment":[{"href":"https:\/\/www.europesays.com\/ee\/wp-json\/wp\/v2\/media?parent=223135"}],"wp:term":[{"taxonomy":"category","embeddable":true,"href":"https:\/\/www.europesays.com\/ee\/wp-json\/wp\/v2\/categories?post=223135"},{"taxonomy":"post_tag","embeddable":true,"href":"https:\/\/www.europesays.com\/ee\/wp-json\/wp\/v2\/tags?post=223135"}],"curies":[{"name":"wp","href":"https:\/\/api.w.org\/{rel}","templated":true}]}}