{"id":223196,"date":"2026-07-08T06:15:25","date_gmt":"2026-07-08T06:15:25","guid":{"rendered":"https:\/\/www.europesays.com\/ee\/223196\/"},"modified":"2026-07-08T06:15:25","modified_gmt":"2026-07-08T06:15:25","slug":"martinez-astus-portugali-peatreenerikohalt-tagasi-mu-eesmark-oli-voita-mm-tiitel-soccernet-ee","status":"publish","type":"post","link":"https:\/\/www.europesays.com\/ee\/223196\/","title":{"rendered":"Martinez astus Portugali peatreenerikohalt tagasi. &#8220;Mu eesm\u00e4rk oli v\u00f5ita MM-tiitel.&#8221; &#8211; Soccernet.ee"},"content":{"rendered":"<p><img decoding=\"async\" src=\"https:\/\/www.europesays.com\/ee\/wp-content\/uploads\/2026\/07\/1783380962.jpg\" alt=\"Roberto Martinez on 11. peatreener, kes j\u00e4\u00e4nud MM-i l\u00f5ppedes t\u00f6\u00f6tuks. Foto: Scanpix \/ Riquelve Nata \/ Sport Press Photo via ZUMA Press\"\/>&#13;\n<\/p>\n<p>Portugali koondise peatreener Roberto Martinez teatas p\u00e4rast MM-i kaheksandikfinaalis 0:1 allaj\u00e4\u00e4mist Hispaaniale, et astub ametikohalt tagasi.<\/p>\n<p>Martinez r\u00e4\u00e4kis p\u00e4rast m\u00e4ngu, et tema j\u00e4tkamine &#8220;poleks olnud m\u00f5istlik&#8221;. Ta lisas, et polnud lahkumisotsust enne turniiri algust teinud, kuid l\u00f5ppenud MM t\u00e4histab ts\u00fckli l\u00f5ppu ning Martineze arvates on t\u00e4htis leida uus liider. &#8220;V\u00f5tan endaga kaasa m\u00e4lestused ja lootuse, et ka Portugalil on h\u00e4id m\u00e4lestusi kolmest ja poolest aastast, mil ma meeskonda juhendasin. See oli mu elu kogemus,&#8221; tunnistas ta.&#13;\n<\/p>\n<p>Martineze suur unistus oli juhendada Portugal maailmameistriks. &#8220;Tulin eesm\u00e4rgiga v\u00f5ita MM-tiitel ja kuna ma ei v\u00f5itnud, siis pole m\u00f5istlik ka j\u00e4tkata,&#8221; leidis hispaanlane, kes tundis uhkust tema k\u00e4e all saavutatud j\u00e4rjepidevuse, rohkete v\u00e4ravate ja v\u00f5idetud punktide \u00fcle.&#13;\n<\/p>\n<p>Martinezelt k\u00fcsiti l\u00f5ppenud turniiri j\u00e4rel, kas ta arvab, et tema ametiaega j\u00e4\u00e4dakse meenutama positiivselt v\u00f5i peetakse seda l\u00e4bikukkumiseks. Peatreener eitas selges\u00f5naliselt teist varianti. &#8220;Esiteks, me ei kukkunud l\u00e4bi,&#8221; r\u00f5hutas ta. &#8220;Me kaotasime \u00fchele turniiri favoriidile. Me m\u00e4ngisime v\u00f5rdsel tasemel, j\u00e4ime iseendaks ja n\u00e4itasime uskumatut individuaalset talenti. Proovisime viimase minutini ja andsime endast k\u00f5ik. M\u00e4ngijad oli vapustavaks eeskujuks ning see teebki sinust v\u00f5itja nii jalgpallis kui elus \u00fcle\u00fcldiselt.&#8221;<\/p>\n<p>Martinez kaitses m\u00e4ngu j\u00e4rel ka enda otsust hoida Cristiano Ronaldot m\u00e4ngu l\u00f5puni v\u00e4ljakul, j\u00e4ttes samal ajal 1\/16-finaalis v\u00f5iduv\u00e4rava l\u00f6\u00f6nud Goncalo Ramose pingile. &#8220;Kui sa oled meeskond, kes vajab v\u00e4ravat, siis sa ei saa v\u00f5tta Cristiano Ronaldot v\u00e4lja. Ta v\u00f5ib probleemideta m\u00e4ngida 90 minutit. Pidime hoidma struktuuri ning Goncalo Ramose kasutamine oleks t\u00f5en\u00e4oliselt olnud m\u00f5istlik lisaajal.&#8221;&#13;\n<\/p>\n<p>2023. aasta jaanuaris Fernando Santoselt teatepulga \u00fcle v\u00f5tnud Martinez juhendas Portugali 45 kohtumises, millest v\u00f5itis 32, viigistas kuus ning kaotas seitse. 52-aastase hispaanlase ametiaja tipphetkeks j\u00e4\u00e4b eelmise aasta Rahvuste liiga v\u00f5it, kus alistati finaalis penaltiseeria j\u00e4rel Hispaania.<\/p>\n","protected":false},"excerpt":{"rendered":"&#13; Portugali koondise peatreener Roberto Martinez teatas p\u00e4rast MM-i kaheksandikfinaalis 0:1 allaj\u00e4\u00e4mist Hispaaniale, et astub ametikohalt tagasi. Martinez&hellip;\n","protected":false},"author":2,"featured_media":223197,"comment_status":"","ping_status":"","sticky":false,"template":"","format":"standard","meta":{"footnotes":"","_share_on_mastodon":"0"},"categories":[18],"tags":[3887,37,33,35,34,36,90758,2729,54108,159,158],"class_list":["post-223196","post","type-post","status-publish","format-standard","has-post-thumbnail","category-sport","tag-cristiano-ronaldo","tag-ee","tag-eesti","tag-eesti-keel","tag-estonia","tag-estonian","tag-goncalo-ramos","tag-portugal","tag-roberto-martinez","tag-sport","tag-sports"],"share_on_mastodon":{"url":"https:\/\/pubeurope.com\/@ee\/116882894311334020","error":""},"_links":{"self":[{"href":"https:\/\/www.europesays.com\/ee\/wp-json\/wp\/v2\/posts\/223196","targetHints":{"allow":["GET"]}}],"collection":[{"href":"https:\/\/www.europesays.com\/ee\/wp-json\/wp\/v2\/posts"}],"about":[{"href":"https:\/\/www.europesays.com\/ee\/wp-json\/wp\/v2\/types\/post"}],"author":[{"embeddable":true,"href":"https:\/\/www.europesays.com\/ee\/wp-json\/wp\/v2\/users\/2"}],"replies":[{"embeddable":true,"href":"https:\/\/www.europesays.com\/ee\/wp-json\/wp\/v2\/comments?post=223196"}],"version-history":[{"count":0,"href":"https:\/\/www.europesays.com\/ee\/wp-json\/wp\/v2\/posts\/223196\/revisions"}],"wp:featuredmedia":[{"embeddable":true,"href":"https:\/\/www.europesays.com\/ee\/wp-json\/wp\/v2\/media\/223197"}],"wp:attachment":[{"href":"https:\/\/www.europesays.com\/ee\/wp-json\/wp\/v2\/media?parent=223196"}],"wp:term":[{"taxonomy":"category","embeddable":true,"href":"https:\/\/www.europesays.com\/ee\/wp-json\/wp\/v2\/categories?post=223196"},{"taxonomy":"post_tag","embeddable":true,"href":"https:\/\/www.europesays.com\/ee\/wp-json\/wp\/v2\/tags?post=223196"}],"curies":[{"name":"wp","href":"https:\/\/api.w.org\/{rel}","templated":true}]}}