{"id":223210,"date":"2026-07-08T06:30:24","date_gmt":"2026-07-08T06:30:24","guid":{"rendered":"https:\/\/www.europesays.com\/ee\/223210\/"},"modified":"2026-07-08T06:30:24","modified_gmt":"2026-07-08T06:30:24","slug":"ukraina-eksperdid-ankara-tippkohtumisest-voib-saada-poordepunkt","status":"publish","type":"post","link":"https:\/\/www.europesays.com\/ee\/223210\/","title":{"rendered":"Ukraina eksperdid: Ankara tippkohtumisest v\u00f5ib saada p\u00f6\u00f6rdepunkt"},"content":{"rendered":"<p class=\"isSelectedEnd\">\u00abAusalt \u00f6eldes ei loodaks ma sellele, et Trump saabub Ankarasse ja keskendub \u00fcksnes Ukraina abistamisele,\u00bb selgitas politoloog. \u00abKuid meil on varjatud trump, Recep Tayyip Erdo\u011fan.\u00bb<\/p>\n<p class=\"isSelectedEnd\">Jevhen Mahda s\u00f5nul on T\u00fcrgi presidendil Erdo\u011fanil ja Trumpil hea poliitiline ja inimlik klapp. NATO tippkohtumise v\u00f5\u00f5rustajana p\u00fc\u00fcab Erdo\u011fan teha k\u00f5ik selleks, et Trumpi ja Zelensk\u00f5i l\u00e4bir\u00e4\u00e4kimised toimuksid ja annaksid ka k\u00e4egakatsutava tulemuse. Erdo\u011fani jaoks on kaalul T\u00fcrgi roll NATOs ja kogu piirkonnas.<\/p>\n<p class=\"isSelectedEnd\">S\u00f5jandusekspert Oleksi Kop\u00f5tko kirjutas sotsiaalmeedias, et veel kaks kuud tagasi tundus see kohtumine t\u00e4iesti rutiinse s\u00fcndmusena, millele erilisi lootusi ei pandud. \u00abN\u00fc\u00fcd s\u00f5nastaksin olukorra nii: potentsiaali on, kuid praegu pole teada, millises suunas see realiseerub,\u00bb leidis Kop\u00f5tko.<\/p>\n<p class=\"isSelectedEnd\">Venemaa r\u00fcndas \u00f6\u00f6sel vastu 2. juulit Kiievit, tappes pealinnas 30 tsiviilisikut. Samal ajal korraldas Venemaa mitu p\u00e4eva j\u00e4rjest terrorir\u00fcnnakuid Sum\u00f5, Zapori\u017e\u017eja, Harkivi, Dnipro, Hersoni ja teiste rinde\u00e4\u00e4rsete piirkondade linnade vastu.<\/p>\n<p class=\"isSelectedEnd\">USA aastap\u00e4eva eel ja Trumpiga peetava vestluse taustaks korraldas Putin h\u00e4biv\u00e4\u00e4rse etenduse Kostjant\u00f5nivka \u00abvallutamisega\u00bb. J\u00e4rgmisel p\u00e4eval saatis Kreml ajatolla Khamenei matustele joodik Medvedevi.<\/p>\n<p class=\"isSelectedEnd\">\u00abIlmselt pidanuks nende sammude koosm\u00f5ju n\u00e4itama Moskva tugevat positsiooni. Kuid n\u00e4ib, et m\u00f5ju oli vastupidine,\u00bb kirjutas ekspert.<\/p>\n<p class=\"isSelectedEnd\">Putin kuulutas Kostjant\u00f5nivka enneaegselt \u00abvallutatuks\u00bb, kuigi olukord seal on ebastabiilne. Just seet\u00f5ttu p\u00fc\u00fcdis Venemaa m\u00f5ne tunniga oma v\u00e4ed linna tuua, et vallutamist kiirendada, kuid see ei \u00f5nnestunud. Seej\u00e4rel hakkas Venemaa tsiviilelanike pihta tulistama.<\/p>\n<p class=\"isSelectedEnd\">\u00abSee on t\u00e4iesti selge s\u00f5num: ilma ballistiliste rakettide t\u00f5rjevahenditeta muutub Kiiev venelaste jaoks lasketiiruks, nagu ka k\u00f5ik teised Ukraina p\u00f5hja-, ida- ja l\u00f5unaosa linnad. NATO liidrid peavad v\u00f5tma selge seisukoha,\u00bb leidis Kop\u00f5tko.<\/p>\n<p class=\"isSelectedEnd\">Lisaks t\u00f5rjerakettide kiirele \u00fcleandmisele Ukrainale ja nende tootmise suurendamisele on veel v\u00e4hemalt kaks v\u00f5imalust: juba kehtestatud sanktsioonide tegelik j\u00f5ustamine ning abi Ukraina kaugmaal\u00f6\u00f6giv\u00f5ime suurendamisel, et s\u00fcgisel tabaks Venemaad igal \u00f6\u00f6l tuhat eri t\u00fc\u00fcpi kaugmaal\u00f6\u00f6ki.<\/p>\n<p>\u00abV\u00f5imalik, et Putin ei hirmutanud kedagi, vaid t\u00f5ukas liitlasi \u00f5igete otsuste poole. Peagi n\u00e4eme,\u00bb teatas ekspert kokkuv\u00f5tteks.<\/p>\n","protected":false},"excerpt":{"rendered":"\u00abAusalt \u00f6eldes ei loodaks ma sellele, et Trump saabub Ankarasse ja keskendub \u00fcksnes Ukraina abistamisele,\u00bb selgitas politoloog. \u00abKuid&hellip;\n","protected":false},"author":2,"featured_media":223211,"comment_status":"","ping_status":"","sticky":false,"template":"","format":"standard","meta":{"footnotes":"","_share_on_mastodon":"0"},"categories":[5],"tags":[7529,15525,26,27,324,37,33,35,34,36,31,32,21,28,29,54,62048,19,1787,25,2066,11393,23,24,262,22,20,1929,96,30,263],"class_list":["post-223210","post","type-post","status-publish","format-standard","has-post-thumbnail","category-uldised-uudised","tag-ankara","tag-ballistiline-rakett","tag-breaking-news","tag-breakingnews","tag-donald-trump","tag-ee","tag-eesti","tag-eesti-keel","tag-estonia","tag-estonian","tag-featured-news","tag-featurednews","tag-headlines","tag-latest-news","tag-latestnews","tag-nato","tag-nato-tippkohtumine","tag-news","tag-patriot","tag-populaarseimad-lood","tag-recep-tayyip-erdogan","tag-starlink","tag-top-stories","tag-topstories","tag-ukraina","tag-uldised-uudised","tag-uudised","tag-vene-ukraina-soda","tag-venemaa","tag-viimased-uudised","tag-volodomor-zelenskoi"],"share_on_mastodon":{"url":"https:\/\/pubeurope.com\/@ee\/116882952992465083","error":""},"_links":{"self":[{"href":"https:\/\/www.europesays.com\/ee\/wp-json\/wp\/v2\/posts\/223210","targetHints":{"allow":["GET"]}}],"collection":[{"href":"https:\/\/www.europesays.com\/ee\/wp-json\/wp\/v2\/posts"}],"about":[{"href":"https:\/\/www.europesays.com\/ee\/wp-json\/wp\/v2\/types\/post"}],"author":[{"embeddable":true,"href":"https:\/\/www.europesays.com\/ee\/wp-json\/wp\/v2\/users\/2"}],"replies":[{"embeddable":true,"href":"https:\/\/www.europesays.com\/ee\/wp-json\/wp\/v2\/comments?post=223210"}],"version-history":[{"count":0,"href":"https:\/\/www.europesays.com\/ee\/wp-json\/wp\/v2\/posts\/223210\/revisions"}],"wp:featuredmedia":[{"embeddable":true,"href":"https:\/\/www.europesays.com\/ee\/wp-json\/wp\/v2\/media\/223211"}],"wp:attachment":[{"href":"https:\/\/www.europesays.com\/ee\/wp-json\/wp\/v2\/media?parent=223210"}],"wp:term":[{"taxonomy":"category","embeddable":true,"href":"https:\/\/www.europesays.com\/ee\/wp-json\/wp\/v2\/categories?post=223210"},{"taxonomy":"post_tag","embeddable":true,"href":"https:\/\/www.europesays.com\/ee\/wp-json\/wp\/v2\/tags?post=223210"}],"curies":[{"name":"wp","href":"https:\/\/api.w.org\/{rel}","templated":true}]}}