{"id":223266,"date":"2026-07-08T07:56:12","date_gmt":"2026-07-08T07:56:12","guid":{"rendered":"https:\/\/www.europesays.com\/ee\/223266\/"},"modified":"2026-07-08T07:56:12","modified_gmt":"2026-07-08T07:56:12","slug":"usa-immigratsiooniteenistuse-tootaja-lasi-houstonis-maha-mehhiko-kodaniku","status":"publish","type":"post","link":"https:\/\/www.europesays.com\/ee\/223266\/","title":{"rendered":"USA immigratsiooniteenistuse t\u00f6\u00f6taja lasi Houstonis maha Mehhiko kodaniku"},"content":{"rendered":"<p>Ministeeriumi teatel p\u00fc\u00fcdsid ICE-i t\u00f6\u00f6tajad kella 6.50 ajal kinni pidada Lorenzo Salgado Araujot, kellel ei olnud v\u00e4idetavalt \u00f5igust riigis viibida, vahendab NBC News.<\/p>\n<p>\u201eInformatsiooni j\u00e4rgi, mis me saime, rammis ta ICE-i korrakaitses\u00f5idukit, keeldus allumast mitmetele s\u00f5nalistele k\u00e4skudele ja kasutas oma s\u00f5idukit relvana,\u201c teatas sisejulgeolekuministeerium.<\/p>\n<p>ICE-i t\u00f6\u00f6taja tulistas oma relvast enesekaitseks ja tabas Salgado Araujot, teatas ministeerium. Ta viidi haiglasse, kus ta suri.<\/p>\n<p>Poeg Ronaldo Salgado leinas isa Facebookis, nimetades teda t\u00f6\u00f6kaks Mehhiko meheks.<\/p>\n<p>\u201eMinu isa on olnud selles riigis ligi 35 aastat, t\u00f6\u00f6tades ehituses, et pidada \u00fclal mind, minu kaht venda ja minu ema,\u201c kirjutas Ronaldo Salgado. \u201eTa oli \u00f5igusliku protsessi kaudu t\u00f6\u00f6luba taotlemas. Ta oli teel t\u00f6\u00f6le, oma t\u00f6\u00f6lisi peale v\u00f5tma. Minu isa ei ole seda \u00e4ra teeninud.\u201c<\/p>\n<p>Sisser\u00e4ndajate \u00f5iguste eest seisva \u00dchinenud Ladina-Ameerika Kodanike Liiga (LULAC) teatel s\u00f5itis Salgado Araujo Magnolia Parki latiinode linnaosas ringi, otsides p\u00e4evat\u00f6\u00f6lisi, kui teda tulistati.<\/p>\n<p>LULAC Adelante PAC esimehe Domingo Garc\u00eda teatel n\u00e4gi \u00fcks poeg isa tulistamist pealt ning mitmed tunnistajad tegid fotosid ja videoid.<\/p>\n<p>LULAC n\u00f5udis s\u00f5ltumatut juurdlust ja v\u00f5rdles eilset tulistamist kahe inimese tapmisega ICE-i poolt <a rel=\"noopener nofollow\" target=\"_blank\" href=\"https:\/\/www.delfi.ee\/teema\/90017373\/minneapolis\" tag-id=\"90017373\">Minneapolises<\/a>.<\/p>\n<p>USA f\u00f6deraalne juurdlusb\u00fcroo (<a rel=\"noopener nofollow\" target=\"_blank\" href=\"https:\/\/www.delfi.ee\/teema\/23610591\/fbi\" tag-id=\"23610591\">FBI<\/a>) teatas, et saatis s\u00fcndmuskohale oma meeskonna, aga mitte Salgado Araujo tulistamist, vaid v\u00f5imalikku f\u00f6deraalametniku r\u00fcndamist uurima.<\/p>\n<p>Houstoni politsei teatas, et nemad asja uurimises ei osale, ja suunas k\u00f5ik k\u00fcsimused sisejulgeolekuministeeriumile.<\/p>\n<p>Piirkonda, kus tulistamine toimus, USA esindajatekojas esindav demokraat Sylvia Garcia n\u00f5udis t\u00e4ielikku ja erapooletut juurdlust.<\/p>\n<p>Kuidas see lugu Sind end tundma pani? Saada <a href=\"https:\/\/www.delfi.ee\/artikkel\/120595795\/usa-immigratsiooniteenistuse-tootaja-lasi-houstonis-maha-mehhiko-kodaniku\/kommentaarid\" class=\"article-body-bottom__comment article-body-bottom__comment--write button button--primary button--size-auto\" rel=\"nofollow noopener\" target=\"_blank\"> Kommenteeri <\/a><a href=\"https:\/\/www.delfi.ee\/artikkel\/120595795\/usa-immigratsiooniteenistuse-tootaja-lasi-houstonis-maha-mehhiko-kodaniku\/kommentaarid\" class=\"article-body-bottom__comment article-body-bottom__comment--read button button--size-auto\" rel=\"nofollow noopener\" target=\"_blank\"> Loe kommentaare (10)<\/a><\/p>\n","protected":false},"excerpt":{"rendered":"Ministeeriumi teatel p\u00fc\u00fcdsid ICE-i t\u00f6\u00f6tajad kella 6.50 ajal kinni pidada Lorenzo Salgado Araujot, kellel ei olnud v\u00e4idetavalt \u00f5igust&hellip;\n","protected":false},"author":2,"featured_media":223267,"comment_status":"","ping_status":"","sticky":false,"template":"","format":"standard","meta":{"footnotes":"","_share_on_mastodon":"0"},"categories":[80],"tags":[26,27,37,33,35,34,36,1899,31,32,21,36732,3461,28,29,95,6718,9302,19,25,8872,23,24,22,325,20,30,92,93,94],"class_list":["post-223266","post","type-post","status-publish","format-standard","has-post-thumbnail","category-maailm","tag-breaking-news","tag-breakingnews","tag-ee","tag-eesti","tag-eesti-keel","tag-estonia","tag-estonian","tag-fbi","tag-featured-news","tag-featurednews","tag-headlines","tag-houston","tag-ice","tag-latest-news","tag-latestnews","tag-maailm","tag-mehhiko","tag-minneapolis","tag-news","tag-populaarseimad-lood","tag-texas","tag-top-stories","tag-topstories","tag-uldised-uudised","tag-usa","tag-uudised","tag-viimased-uudised","tag-world","tag-world-news","tag-worldnews"],"share_on_mastodon":{"url":"https:\/\/pubeurope.com\/@ee\/116883291318593179","error":""},"_links":{"self":[{"href":"https:\/\/www.europesays.com\/ee\/wp-json\/wp\/v2\/posts\/223266","targetHints":{"allow":["GET"]}}],"collection":[{"href":"https:\/\/www.europesays.com\/ee\/wp-json\/wp\/v2\/posts"}],"about":[{"href":"https:\/\/www.europesays.com\/ee\/wp-json\/wp\/v2\/types\/post"}],"author":[{"embeddable":true,"href":"https:\/\/www.europesays.com\/ee\/wp-json\/wp\/v2\/users\/2"}],"replies":[{"embeddable":true,"href":"https:\/\/www.europesays.com\/ee\/wp-json\/wp\/v2\/comments?post=223266"}],"version-history":[{"count":0,"href":"https:\/\/www.europesays.com\/ee\/wp-json\/wp\/v2\/posts\/223266\/revisions"}],"wp:featuredmedia":[{"embeddable":true,"href":"https:\/\/www.europesays.com\/ee\/wp-json\/wp\/v2\/media\/223267"}],"wp:attachment":[{"href":"https:\/\/www.europesays.com\/ee\/wp-json\/wp\/v2\/media?parent=223266"}],"wp:term":[{"taxonomy":"category","embeddable":true,"href":"https:\/\/www.europesays.com\/ee\/wp-json\/wp\/v2\/categories?post=223266"},{"taxonomy":"post_tag","embeddable":true,"href":"https:\/\/www.europesays.com\/ee\/wp-json\/wp\/v2\/tags?post=223266"}],"curies":[{"name":"wp","href":"https:\/\/api.w.org\/{rel}","templated":true}]}}