{"id":223298,"date":"2026-07-08T08:28:10","date_gmt":"2026-07-08T08:28:10","guid":{"rendered":"https:\/\/www.europesays.com\/ee\/223298\/"},"modified":"2026-07-08T08:28:10","modified_gmt":"2026-07-08T08:28:10","slug":"microsoft-koondab-ligi-5000-tootajat-xboxi-ootab-suur-umberkorraldus","status":"publish","type":"post","link":"https:\/\/www.europesays.com\/ee\/223298\/","title":{"rendered":"Microsoft koondab ligi 5000 t\u00f6\u00f6tajat, Xboxi ootab suur \u00fcmberkorraldus"},"content":{"rendered":"<p>USA tehnoloogiaettev\u00f5te Microsoft teatas esmasp\u00e4eval, et koondab \u00fcle maailma ligikaudu 4800 t\u00f6\u00f6tajat, mis moodustab umbes kaks protsenti ettev\u00f5tte kogu t\u00f6\u00f6j\u00f5ust, vahendab <a target=\"_blank\" rel=\"noopener noreferrer nofollow\" href=\"https:\/\/www.euronews.com\/business\/2026\/07\/06\/microsoft-cuts-4800-jobs-mostly-at-xbox\">Euronews.<\/a><\/p>\n<p>Suurima l\u00f6\u00f6gi saab sealjuures Microsofti m\u00e4ngu\u00e4ri Xbox, kus kaob j\u00e4rgmise majandusaasta jooksul umbes 3200 t\u00f6\u00f6kohta. Lisaks ootavad Xboxi ulatuslikud \u00fcmberkorraldused ning ettev\u00f5te loobub neljast m\u00e4ngustuudiost.<\/p>\n","protected":false},"excerpt":{"rendered":"USA tehnoloogiaettev\u00f5te Microsoft teatas esmasp\u00e4eval, et koondab \u00fcle maailma ligikaudu 4800 t\u00f6\u00f6tajat, mis moodustab umbes kaks protsenti ettev\u00f5tte&hellip;\n","protected":false},"author":2,"featured_media":223299,"comment_status":"","ping_status":"","sticky":false,"template":"","format":"standard","meta":{"footnotes":"","_share_on_mastodon":"0"},"categories":[14],"tags":[131,130,37,33,35,34,36,2357,45486,90792,8529],"class_list":["post-223298","post","type-post","status-publish","format-standard","has-post-thumbnail","category-ari","tag-ari","tag-business","tag-ee","tag-eesti","tag-eesti-keel","tag-estonia","tag-estonian","tag-microsoft","tag-tootajate-koondamine","tag-videomangutoostus","tag-xbox"],"share_on_mastodon":{"url":"https:\/\/pubeurope.com\/@ee\/116883416989050962","error":""},"_links":{"self":[{"href":"https:\/\/www.europesays.com\/ee\/wp-json\/wp\/v2\/posts\/223298","targetHints":{"allow":["GET"]}}],"collection":[{"href":"https:\/\/www.europesays.com\/ee\/wp-json\/wp\/v2\/posts"}],"about":[{"href":"https:\/\/www.europesays.com\/ee\/wp-json\/wp\/v2\/types\/post"}],"author":[{"embeddable":true,"href":"https:\/\/www.europesays.com\/ee\/wp-json\/wp\/v2\/users\/2"}],"replies":[{"embeddable":true,"href":"https:\/\/www.europesays.com\/ee\/wp-json\/wp\/v2\/comments?post=223298"}],"version-history":[{"count":0,"href":"https:\/\/www.europesays.com\/ee\/wp-json\/wp\/v2\/posts\/223298\/revisions"}],"wp:featuredmedia":[{"embeddable":true,"href":"https:\/\/www.europesays.com\/ee\/wp-json\/wp\/v2\/media\/223299"}],"wp:attachment":[{"href":"https:\/\/www.europesays.com\/ee\/wp-json\/wp\/v2\/media?parent=223298"}],"wp:term":[{"taxonomy":"category","embeddable":true,"href":"https:\/\/www.europesays.com\/ee\/wp-json\/wp\/v2\/categories?post=223298"},{"taxonomy":"post_tag","embeddable":true,"href":"https:\/\/www.europesays.com\/ee\/wp-json\/wp\/v2\/tags?post=223298"}],"curies":[{"name":"wp","href":"https:\/\/api.w.org\/{rel}","templated":true}]}}