{"id":223396,"date":"2026-07-08T10:50:10","date_gmt":"2026-07-08T10:50:10","guid":{"rendered":"https:\/\/www.europesays.com\/ee\/223396\/"},"modified":"2026-07-08T10:50:10","modified_gmt":"2026-07-08T10:50:10","slug":"margus-tsahkna-rok-i-otsusest-venemaa-liikmelisus-taastada-sojakurjategijate-koht-ei-ole-olumpial-vaid-tribunali-ees","status":"publish","type":"post","link":"https:\/\/www.europesays.com\/ee\/223396\/","title":{"rendered":"Margus Tsahkna ROK-i otsusest Venemaa liikmelisus taastada: s\u00f5jakurjategijate koht ei ole ol\u00fcmpial, vaid tribunali ees"},"content":{"rendered":"<p>ROK otsustas teisip\u00e4eval ajutiselt t\u00fchistada <a rel=\"noopener nofollow\" target=\"_blank\" href=\"https:\/\/www.delfi.ee\/teema\/56503712\/venemaa-olumpiakomitee\" tag-id=\"56503712\">Venemaa ol\u00fcmpiakomitee<\/a> tegevuskeelu. Lisaks Venemaa ol\u00fcmpiakomitee liikmelisuse taastamisele kaotasid kehtivuse senised soovitused rahvusvahelistele alaliitudele Venemaa sportlaste v\u00f5istlustel osalemise osas.<\/p>\n<p>ROK-i teatel s\u00fcndis otsus p\u00e4rast organisatsiooni \u00f5iguskomisjoni p\u00f5hjalikku anal\u00fc\u00fcsi. Keelu t\u00fchistamise peamiseks argumendiks sai asjaolu, et Venemaa ol\u00fcmpiakomitee liikmeskonda ei kuulu enam \u00fchtegi piirkondlikku spordiorganisatsiooni, mis asuks Ukraina rahvusliku ol\u00fcmpiakomitee jurisdiktsiooni alla kuuluvatel territooriumidel.<\/p>\n<p>V\u00e4lisminister Margus Tsahkna tegi kolmap\u00e4eva hommikul oma Facebooki lehel postituse, milles m\u00f5istis ROK-i otsuse \u00fchem\u00f5tteliselt hukka.<\/p>\n<p>\u201ePean Rahvusvahelise Ol\u00fcmpiakomitee eilset otsust t\u00e4iesti vastutustundetuks, sest s\u00f5jakurjategijate koht ei ole ol\u00fcmpial vaid tribunali ees,\u201c alustas ta oma postitust.<\/p>\n<p>\u201eKui venemaa peab juba viiendat aastat agressioonis\u00f5da Ukraina vastu, pommitab linnu ja tsiviilelanikke ning ei n\u00e4ita v\u00e4himatki soovi rahu otsida, siis ei saa spordiorganisatsioonid teha n\u00e4gu, nagu see k\u00f5ik ei puutuks sporti. Puutub k\u00fcll. V\u00e4ga otseselt.<\/p>\n<p>ROK-i otsus loobuda senisest \u00fchtsest piirangute raamistikust t\u00e4hendab sisuliselt seda, et agressorriigi rahvusvahelist isolatsiooni hakatakse tasapisi l\u00f5hkuma. See normaliseerib Venemaa k\u00e4itumist ajal, mil tal ei peaks olema mingit v\u00f5imalust naasta tavap\u00e4rasesse rahvusvahelisse ellu justkui midagi poleks juhtunud.<\/p>\n<p>T\u00e4iemahulise s\u00f5ja jooksul on hukkunud sajad Ukraina sportlased ja treenerid. Tuhandete noorte inimeste unistused on purustatud. Ukraina sportlased treenivad varjendites, sireenide saatel v\u00f5i v\u00f5itlevad rindel oma riigi eest. Samal ajal otsustab ROK, et Venemaa sportlastele tuleb hakata j\u00e4lle uksi avama. See on t\u00e4iesti vale s\u00f5num.<\/p>\n<p>Sport ei saa olla koht, kus agressor puhastab oma mainet ja peseb maha oma kuritegusid. Ol\u00fcmpialiikumine peaks seisma rahu, v\u00e4\u00e4rikuse ja vastutuse eest. Agressori tagasitoomine rahvusvahelisse spordiellu ei teeni \u00fchtegi neist eesm\u00e4rkidest,\u201c kirjutas Tsahkna.<\/p>\n","protected":false},"excerpt":{"rendered":"ROK otsustas teisip\u00e4eval ajutiselt t\u00fchistada Venemaa ol\u00fcmpiakomitee tegevuskeelu. Lisaks Venemaa ol\u00fcmpiakomitee liikmelisuse taastamisele kaotasid kehtivuse senised soovitused rahvusvahelistele&hellip;\n","protected":false},"author":2,"featured_media":223397,"comment_status":"","ping_status":"","sticky":false,"template":"","format":"standard","meta":{"footnotes":"","_share_on_mastodon":"0"},"categories":[18],"tags":[37,33,35,34,36,1131,1530,2376,107,159,158,70809],"class_list":["post-223396","post","type-post","status-publish","format-standard","has-post-thumbnail","category-sport","tag-ee","tag-eesti","tag-eesti-keel","tag-estonia","tag-estonian","tag-margus-tsahkna","tag-olumpiamangud","tag-rahvusvaheline-olumpiakomitee","tag-soda-ukrainas","tag-sport","tag-sports","tag-venemaa-olumpiakomitee"],"share_on_mastodon":{"url":"https:\/\/pubeurope.com\/@ee\/116883975493524429","error":""},"_links":{"self":[{"href":"https:\/\/www.europesays.com\/ee\/wp-json\/wp\/v2\/posts\/223396","targetHints":{"allow":["GET"]}}],"collection":[{"href":"https:\/\/www.europesays.com\/ee\/wp-json\/wp\/v2\/posts"}],"about":[{"href":"https:\/\/www.europesays.com\/ee\/wp-json\/wp\/v2\/types\/post"}],"author":[{"embeddable":true,"href":"https:\/\/www.europesays.com\/ee\/wp-json\/wp\/v2\/users\/2"}],"replies":[{"embeddable":true,"href":"https:\/\/www.europesays.com\/ee\/wp-json\/wp\/v2\/comments?post=223396"}],"version-history":[{"count":0,"href":"https:\/\/www.europesays.com\/ee\/wp-json\/wp\/v2\/posts\/223396\/revisions"}],"wp:featuredmedia":[{"embeddable":true,"href":"https:\/\/www.europesays.com\/ee\/wp-json\/wp\/v2\/media\/223397"}],"wp:attachment":[{"href":"https:\/\/www.europesays.com\/ee\/wp-json\/wp\/v2\/media?parent=223396"}],"wp:term":[{"taxonomy":"category","embeddable":true,"href":"https:\/\/www.europesays.com\/ee\/wp-json\/wp\/v2\/categories?post=223396"},{"taxonomy":"post_tag","embeddable":true,"href":"https:\/\/www.europesays.com\/ee\/wp-json\/wp\/v2\/tags?post=223396"}],"curies":[{"name":"wp","href":"https:\/\/api.w.org\/{rel}","templated":true}]}}