{"id":223405,"date":"2026-07-08T11:03:09","date_gmt":"2026-07-08T11:03:09","guid":{"rendered":"https:\/\/www.europesays.com\/ee\/223405\/"},"modified":"2026-07-08T11:03:09","modified_gmt":"2026-07-08T11:03:09","slug":"tonis-jurgens-wielsi-residentuurist-brusselis-on-palju-avastamist-kunst","status":"publish","type":"post","link":"https:\/\/www.europesays.com\/ee\/223405\/","title":{"rendered":"T\u00f5nis J\u00fcrgens Wielsi residentuurist: Br\u00fcsselis on palju avastamist | Kunst"},"content":{"rendered":"<p>Eesti Kaasaegse Kunsti arenduskeskus ja kunstikeskus Wiels pakuvad 2027. aasta esimesel poolaastal \u00fchele Eesti kunstnikule v\u00f5imalust kuuekuuliseks residentuuriks Br\u00fcsselis. T\u00e4navu residentuuris osalenud kunstnik T\u00f5nis J\u00fcrgens kinnitas, et Br\u00fcssel on kaootiline ja inimesed on \u00fcldiselt v\u00e4ga s\u00f5bralikud.<\/p>\n<p>Kunstnikule kaetakse nii residentuuritasu kui ka \u00fc\u00fcrikulud, samuti makstakse igakuist stipendiumi summas 1300 eurot kuus. Kandideerima on oodatud k\u00f5ik Eesti p\u00e4ritolu kunstnikud, samuti kunstnikud, kes elavad Eestis.<\/p>\n<p>V\u00e4rskelt l\u00f5petas Wielsi 2026. aasta residentuuri kunstnik T\u00f5nis J\u00fcrgens, kelle s\u00f5nul pakub Wielsi residentuur eelk\u00f5ige helde v\u00f5imaluse keskenduda pikema perioodi v\u00e4ltel oma praktikale ning katsetada ideedega, mille jaoks v\u00f5ib-olla tavaelu t\u00f6\u00f6de-tegemiste k\u00f5rvalt on raske aega leida. &#8220;Seejuures pole n\u00f5utud, et see k\u00f5ik residentuuri v\u00e4ltel tingimata mingi l\u00f5petatuseni j\u00f5uaks,&#8221; kirjeldas ta.<\/p>\n<p>Residentidele on kasutada k\u00f5rgete lagedega isiklikud ruumid. &#8220;Stuudiotel on suurep\u00e4rased vaated rongi- ja luigeliiklusele,&#8221; \u00fctles J\u00fcrgens ja lisas, et Wiels pakub koost\u00f6\u00f6partnerina ka t\u00f6\u00f6koda, kus teha puu- ja metallit\u00f6\u00f6d, keevitada v\u00f5i tegeleda alumiiniumivaluga. &#8220;Kokkuv\u00f5tteks \u00fchendab Wiels haruldasel moel v\u00f5imaluse s\u00fcveneda oma praktikasse ning \u00f5ppida tundma kaasresidentide t\u00f6\u00f6d ja loomingut.&#8221;<\/p>\n<p>&#8220;Br\u00fcssel on kaootiline, inimesed on \u00fcldiselt v\u00e4ga s\u00f5bralikud, rongiga saab igale poole ja kultuurielu lokkab t\u00e4iega,&#8221; selgitas\u00a0J\u00fcrgens. &#8220;On palju avamisi ning eksperimentaalmuusika ja -kino \u00fcritusi. Iga p\u00e4ev saab k\u00e4ia kirbuturul ja v\u00e4isata suurep\u00e4raseid raamatupoode. Kindlasti soovitaks \u00f5igel ajal k\u00fclastada erinevaid karnevalipealinnasid.&#8221;<\/p>\n<p>Kuue kuu jooksul saavad residentuuri osalised kasutada isiklikku ateljeed, igan\u00e4dalaselt on v\u00f5imalik saada individuaalset tagasisidet ja kaasam\u00f5tlemist ning k\u00fclastada saab n\u00e4ituseid ja kunstis\u00fcndmuseid Belgias ja naaberriikides. T\u00e4htaeg taotluste esitamiseks on\u00a016. august 2026, taotlused vaatab l\u00e4bi \u017e\u00fcrii, kuhu kuuluvad EKKAKi ja Wielsi kunstikeskuse esindajad, l\u00f5pliku otsuse teeb Wielsi kunstikeskus.<\/p>\n<p>Residentuuriprogrammis on eelnevalt osalenud\u00a0Paul Kuimet,\u00a0Jaanus Samma,\u00a0Anna \u0160kodenko,\u00a0T\u00f5nis Saadoja,\u00a0Tanja Muravskaja,\u00a0Anu Vahtra,\u00a0Eva Mustonen,\u00a0Ingel Vaikla,\u00a0Krista M\u00f6lder,\u00a0Sandra Kosorotova,\u00a0Hedi Jaansoo,\u00a0Laivi Suurv\u00e4li,\u00a0Ruudu Ulas,\u00a0Marita Liivak\u00a0ja\u00a0T\u00f5nis J\u00fcrgens.<\/p>\n","protected":false},"excerpt":{"rendered":"Eesti Kaasaegse Kunsti arenduskeskus ja kunstikeskus Wiels pakuvad 2027. aasta esimesel poolaastal \u00fchele Eesti kunstnikule v\u00f5imalust kuuekuuliseks residentuuriks&hellip;\n","protected":false},"author":2,"featured_media":223406,"comment_status":"","ping_status":"","sticky":false,"template":"","format":"standard","meta":{"footnotes":"","_share_on_mastodon":"0"},"categories":[80],"tags":[26,27,117,37,33,35,34,36,31,32,21,28,29,95,19,25,23434,23,24,22,20,30,90817,92,93,94],"class_list":["post-223405","post","type-post","status-publish","format-standard","has-post-thumbnail","category-maailm","tag-breaking-news","tag-breakingnews","tag-brussel","tag-ee","tag-eesti","tag-eesti-keel","tag-estonia","tag-estonian","tag-featured-news","tag-featurednews","tag-headlines","tag-latest-news","tag-latestnews","tag-maailm","tag-news","tag-populaarseimad-lood","tag-tonis-jurgens","tag-top-stories","tag-topstories","tag-uldised-uudised","tag-uudised","tag-viimased-uudised","tag-wielsi-kunstiresidentuur","tag-world","tag-world-news","tag-worldnews"],"share_on_mastodon":{"url":"https:\/\/pubeurope.com\/@ee\/116884026631273179","error":""},"_links":{"self":[{"href":"https:\/\/www.europesays.com\/ee\/wp-json\/wp\/v2\/posts\/223405","targetHints":{"allow":["GET"]}}],"collection":[{"href":"https:\/\/www.europesays.com\/ee\/wp-json\/wp\/v2\/posts"}],"about":[{"href":"https:\/\/www.europesays.com\/ee\/wp-json\/wp\/v2\/types\/post"}],"author":[{"embeddable":true,"href":"https:\/\/www.europesays.com\/ee\/wp-json\/wp\/v2\/users\/2"}],"replies":[{"embeddable":true,"href":"https:\/\/www.europesays.com\/ee\/wp-json\/wp\/v2\/comments?post=223405"}],"version-history":[{"count":0,"href":"https:\/\/www.europesays.com\/ee\/wp-json\/wp\/v2\/posts\/223405\/revisions"}],"wp:featuredmedia":[{"embeddable":true,"href":"https:\/\/www.europesays.com\/ee\/wp-json\/wp\/v2\/media\/223406"}],"wp:attachment":[{"href":"https:\/\/www.europesays.com\/ee\/wp-json\/wp\/v2\/media?parent=223405"}],"wp:term":[{"taxonomy":"category","embeddable":true,"href":"https:\/\/www.europesays.com\/ee\/wp-json\/wp\/v2\/categories?post=223405"},{"taxonomy":"post_tag","embeddable":true,"href":"https:\/\/www.europesays.com\/ee\/wp-json\/wp\/v2\/tags?post=223405"}],"curies":[{"name":"wp","href":"https:\/\/api.w.org\/{rel}","templated":true}]}}