{"id":223407,"date":"2026-07-08T11:05:10","date_gmt":"2026-07-08T11:05:10","guid":{"rendered":"https:\/\/www.europesays.com\/ee\/223407\/"},"modified":"2026-07-08T11:05:10","modified_gmt":"2026-07-08T11:05:10","slug":"iraan-rundas-usa-baase-bahreinis-ja-kuveidis-maailm-postimees-ee","status":"publish","type":"post","link":"https:\/\/www.europesays.com\/ee\/223407\/","title":{"rendered":"Iraan r\u00fcndas USA baase Bahreinis ja Kuveidis &#8211; Maailm &#8211; Postimees.ee"},"content":{"rendered":"<ol>\n<li><a href=\"https:\/\/news.google.com\/rss\/articles\/CBMihwFBVV95cUxQVjUwUTJaSjNOUmpVQ0RnLTBfZ2JZSUs3Vm52bmhZZW1XaEw0dmVYZWo3amVvdy1XVEtqSkRFMVFyQjRQTEx1bVB3MFZzNEY1Y29PSzhYam9hc0oxRDNlb21MTTlvLXZLRC1EV1E3ckQ4Q1RldE5NMGotRUswSUtVQlF0VHR2S1E?oc=5\" target=\"_blank\" rel=\"nofollow noopener\">Iraan r\u00fcndas USA baase Bahreinis ja Kuveidis<\/a>&nbsp;&nbsp;Maailm &#8211; Postimees.ee<\/li>\n<li><a href=\"https:\/\/news.google.com\/rss\/articles\/CBMidEFVX3lxTFBiSGZXSWN3aU1vdmRTUTdKWk8zeDI0RVRZU2xQSHhfSW9xQ1lTTGQ1M253QXBHSUxKUXZndWtNQWxmVFJGaFZRZWhmRDdtUVVUb01qSUpJbGdHYndTYzQybmRQRURBQ0NDV2dJeDlVVmN6bVZW?oc=5\" target=\"_blank\" rel=\"nofollow noopener\">USA ja Iraan vahetavad taas \u00f5hul\u00f6\u00f6ke<\/a>&nbsp;&nbsp;ERR<\/li>\n<li><a href=\"https:\/\/news.google.com\/rss\/articles\/CBMisAFBVV95cUxQM2dMVkFSaW82N0Zxd0FhX2g1N0xodWlCS192dnlqaFJTTUs5R3YwX09VUUJOVDFCTzhXeDFZSWMxelRha19DWVRpWHc2VGU5cnlPUzZPQ0duQ3g1NmRCS3FhRlIzcnRETmFnbFpDYzJaWkhfYjZjUTFqdTUzTmF0Q09ndHpsUGpNT014T0VBWUJoR01vZjg4RGFjTDhZNG5rUHlLWUM4T1JCdWl3QzFIMA?oc=5\" target=\"_blank\" rel=\"nofollow noopener\">USA s\u00f5jategevus Iraanis kukutas aktsiaid ning pani nafta rallima<\/a>&nbsp;&nbsp;\u00c4rip\u00e4ev<\/li>\n<li><a href=\"https:\/\/news.google.com\/rss\/articles\/CBMipAFBVV95cUxOM0J1d0owcVF1bWtRMFV2T3h4WGozaFZtWlBuMU9xSFRLU1hSMU1Xc3cwLWpDd09Fa2xoUWltVV9nQV9DaHhOR3BMQ1dIem1uMmJTYVNEZkdVNHhhSlVHdERsTFRKR1JkYWN6U1gtVUxhMXJod0hvYkRrRFhkOXZoVDJxaFZsQXFCT1I0TUQ4eHVLeE5ZeUdmODNVMWMxS3BNS1ZFSw?oc=5\" target=\"_blank\" rel=\"nofollow noopener\">Hormuzi v\u00e4inas sattus p\u00e4eva jooksul r\u00fcnnaku alla kolm tankerit<\/a>&nbsp;&nbsp;Delfi<\/li>\n<li><a href=\"https:\/\/news.google.com\/rss\/articles\/CBMibEFVX3lxTE50SVptamNpZVdIa253bTRBeWNZMWRGZ0xaVTMwaEN0b3ZzYXRybVlOR29oVTRyV25Oa3hEc1V4Q1U4aFpTallTVEZWbzFpUkhzb1hHWGhCbW10bzEzUWR5Z3ZGald2Q2JKSV9TaA?oc=5\" target=\"_blank\" rel=\"nofollow noopener\">VIDEO: USA r\u00fcndas Iraani sadamat<\/a>&nbsp;&nbsp;eestinen<\/li>\n<\/ol>\n","protected":false},"excerpt":{"rendered":"Iraan r\u00fcndas USA baase Bahreinis ja Kuveidis&nbsp;&nbsp;Maailm &#8211; Postimees.ee USA ja Iraan vahetavad taas \u00f5hul\u00f6\u00f6ke&nbsp;&nbsp;ERR USA s\u00f5jategevus Iraanis&hellip;\n","protected":false},"author":2,"featured_media":223408,"comment_status":"","ping_status":"","sticky":false,"template":"","format":"standard","meta":{"footnotes":"","_share_on_mastodon":"0"},"categories":[5],"tags":[587,52958,26,27,884,37,33,35,34,36,31,32,21,1925,17959,28,29,3614,54,19,25,21168,23,24,22,6373,20,30],"class_list":["post-223407","post","type-post","status-publish","format-standard","has-post-thumbnail","category-uldised-uudised","tag-ameerika-uhendriigid","tag-bahrein","tag-breaking-news","tag-breakingnews","tag-droonirunnak","tag-ee","tag-eesti","tag-eesti-keel","tag-estonia","tag-estonian","tag-featured-news","tag-featurednews","tag-headlines","tag-iraan","tag-kuveit","tag-latest-news","tag-latestnews","tag-mark-rutte","tag-nato","tag-news","tag-populaarseimad-lood","tag-raketirunnak","tag-top-stories","tag-topstories","tag-uldised-uudised","tag-usa-ja-iraani-konflikt","tag-uudised","tag-viimased-uudised"],"share_on_mastodon":{"url":"https:\/\/pubeurope.com\/@ee\/116884034423598182","error":""},"_links":{"self":[{"href":"https:\/\/www.europesays.com\/ee\/wp-json\/wp\/v2\/posts\/223407","targetHints":{"allow":["GET"]}}],"collection":[{"href":"https:\/\/www.europesays.com\/ee\/wp-json\/wp\/v2\/posts"}],"about":[{"href":"https:\/\/www.europesays.com\/ee\/wp-json\/wp\/v2\/types\/post"}],"author":[{"embeddable":true,"href":"https:\/\/www.europesays.com\/ee\/wp-json\/wp\/v2\/users\/2"}],"replies":[{"embeddable":true,"href":"https:\/\/www.europesays.com\/ee\/wp-json\/wp\/v2\/comments?post=223407"}],"version-history":[{"count":0,"href":"https:\/\/www.europesays.com\/ee\/wp-json\/wp\/v2\/posts\/223407\/revisions"}],"wp:featuredmedia":[{"embeddable":true,"href":"https:\/\/www.europesays.com\/ee\/wp-json\/wp\/v2\/media\/223408"}],"wp:attachment":[{"href":"https:\/\/www.europesays.com\/ee\/wp-json\/wp\/v2\/media?parent=223407"}],"wp:term":[{"taxonomy":"category","embeddable":true,"href":"https:\/\/www.europesays.com\/ee\/wp-json\/wp\/v2\/categories?post=223407"},{"taxonomy":"post_tag","embeddable":true,"href":"https:\/\/www.europesays.com\/ee\/wp-json\/wp\/v2\/tags?post=223407"}],"curies":[{"name":"wp","href":"https:\/\/api.w.org\/{rel}","templated":true}]}}