{"id":223423,"date":"2026-07-08T11:23:35","date_gmt":"2026-07-08T11:23:35","guid":{"rendered":"https:\/\/www.europesays.com\/ee\/223423\/"},"modified":"2026-07-08T11:23:35","modified_gmt":"2026-07-08T11:23:35","slug":"mm-iga-on-koik-aga-koondisekarjaariga-ronaldo-jattis-ukse-lahti-ronaldo-ma-ei-tee-otsuseid-emotsiooni-pealt-soccernet-ee","status":"publish","type":"post","link":"https:\/\/www.europesays.com\/ee\/223423\/","title":{"rendered":"MM-iga on k\u00f5ik, aga koondisekarj\u00e4\u00e4riga? Ronaldo j\u00e4ttis ukse lahti (Ronaldo: ma ei tee otsuseid emotsiooni pealt) &#8211; Soccernet.ee"},"content":{"rendered":"<p><img decoding=\"async\" src=\"https:\/\/www.europesays.com\/ee\/wp-content\/uploads\/2026\/07\/1783395997.jpg\" alt=\"Cristiano Ronaldo. Foto: Scanpix \/ Nayra Halm \/ ZUMAPRESS.com\"\/>&#13;\n<\/p>\n<p>Portugali legend Cristiano Ronaldo kinnitas, et tema esitused MM-il on l\u00e4bi. K\u00fcll aga ei \u00f6elnud ta seda, et Portugali koondise s\u00e4rgis on m\u00e4ngud peetud.\u00a0<\/p>\n<p>Portugali kapteni viimane MM l\u00f5ppes 0:1 kaotusega Hispaaniale. &#8220;Olen kurb, et lahkun MM-ilt sellisel moel,&#8221; s\u00f5nas ta. &#8220;Andsin endast k\u00f5ik. Tegin oma parima ja lahkun puhta s\u00fcdametunnistusega. See oli minu viimane MM, aga n\u00fc\u00fcd on mul aega m\u00f5elda ja perega olla. Ma ei tee \u00fchtegi rutakat otsust.&#8221;&#13;\n<\/p>\n<p>41-aastane Ronaldo ei kinnitanud siiski, kas ta on pidanud oma viimase m\u00e4ngu Portugali koondise eest. Ta r\u00f5hutas, et ei soovi oma otsusega Portugali koondise tegemisi varjutada. &#8220;Ma ei tee otsuseid hetkeemotsiooni pealt,&#8221; \u00fctles ta.\u00a0&#13;\n<\/p>\n<p>MM-karj\u00e4\u00e4ri l\u00f5pu j\u00e4rel tunnistas Ronaldo, et on oma koondisekarj\u00e4\u00e4ri \u00fcle uhke. &#8220;Olen v\u00f5itnud Portugaliga kolm tiitlit. Enne Cristiano Ronaldot polnud Portugal v\u00f5itnud \u00fchtegi tiitlit.\u00a0Suurim tiitel, mille koondis on kunagi v\u00f5itnud, oli 2016. aasta Euroopa meistritiitel, mis on ausalt \u00f6eldes minu jaoks sama t\u00e4htis kui MM,&#8221; leidis Ronaldo.\u00a0<\/p>\n<p>V\u00e4ljalangemise j\u00e4rel teatas ka Portugali loots Roberto Martinez, et taandub koondise juurest. Ronaldol jagus peatreenerile vaid h\u00e4id s\u00f5nu. &#8220;Mulle meeldis temaga t\u00f6\u00f6tada. Suurep\u00e4rane treener, suurep\u00e4rane inimene ja see, mida ta Portugali heaks tegi, v\u00e4\u00e4rib tunnustust. Tahan teda t\u00e4nada ja soovida talle k\u00f5ike head.&#8221;&#13;\n<\/p>\n<p>Ta j\u00e4tkas: &#8220;Suurturniirilt v\u00e4lja langeda on alati kurb, see on MM. Meeskond oli t\u00f5esti hoogu kogumas. Minu arvates m\u00e4ngisime h\u00e4sti. M\u00e4ng v\u00f5inuks minna kummalegi poole, aga selline on jalgpall. Peame end p\u00fcsti ajama ja edasi minema. Sellisel moel v\u00e4lja langeda on frustreeriv, aga v\u00f5ime lahkuda pead p\u00fcsti,&#8221; lisas r\u00fcndaja.\u00a0&#13;<\/p>\n","protected":false},"excerpt":{"rendered":"&#13; Portugali legend Cristiano Ronaldo kinnitas, et tema esitused MM-il on l\u00e4bi. K\u00fcll aga ei \u00f6elnud ta seda,&hellip;\n","protected":false},"author":2,"featured_media":223424,"comment_status":"","ping_status":"","sticky":false,"template":"","format":"standard","meta":{"footnotes":"","_share_on_mastodon":"0"},"categories":[18],"tags":[3887,37,33,35,34,36,45724,6890,2729,54108,3888,159,158],"class_list":["post-223423","post","type-post","status-publish","format-standard","has-post-thumbnail","category-sport","tag-cristiano-ronaldo","tag-ee","tag-eesti","tag-eesti-keel","tag-estonia","tag-estonian","tag-martinez","tag-mm2026","tag-portugal","tag-roberto-martinez","tag-ronaldo","tag-sport","tag-sports"],"share_on_mastodon":{"url":"https:\/\/pubeurope.com\/@ee\/116884105517973729","error":""},"_links":{"self":[{"href":"https:\/\/www.europesays.com\/ee\/wp-json\/wp\/v2\/posts\/223423","targetHints":{"allow":["GET"]}}],"collection":[{"href":"https:\/\/www.europesays.com\/ee\/wp-json\/wp\/v2\/posts"}],"about":[{"href":"https:\/\/www.europesays.com\/ee\/wp-json\/wp\/v2\/types\/post"}],"author":[{"embeddable":true,"href":"https:\/\/www.europesays.com\/ee\/wp-json\/wp\/v2\/users\/2"}],"replies":[{"embeddable":true,"href":"https:\/\/www.europesays.com\/ee\/wp-json\/wp\/v2\/comments?post=223423"}],"version-history":[{"count":0,"href":"https:\/\/www.europesays.com\/ee\/wp-json\/wp\/v2\/posts\/223423\/revisions"}],"wp:featuredmedia":[{"embeddable":true,"href":"https:\/\/www.europesays.com\/ee\/wp-json\/wp\/v2\/media\/223424"}],"wp:attachment":[{"href":"https:\/\/www.europesays.com\/ee\/wp-json\/wp\/v2\/media?parent=223423"}],"wp:term":[{"taxonomy":"category","embeddable":true,"href":"https:\/\/www.europesays.com\/ee\/wp-json\/wp\/v2\/categories?post=223423"},{"taxonomy":"post_tag","embeddable":true,"href":"https:\/\/www.europesays.com\/ee\/wp-json\/wp\/v2\/tags?post=223423"}],"curies":[{"name":"wp","href":"https:\/\/api.w.org\/{rel}","templated":true}]}}