{"id":223431,"date":"2026-07-08T11:36:07","date_gmt":"2026-07-08T11:36:07","guid":{"rendered":"https:\/\/www.europesays.com\/ee\/223431\/"},"modified":"2026-07-08T11:36:07","modified_gmt":"2026-07-08T11:36:07","slug":"video-me-ei-vajanud-abi-aga-nad-utlesid-ei-trumpi-sonul-pole-usa-l-olnud-nato-st-mingit-kasu","status":"publish","type":"post","link":"https:\/\/www.europesays.com\/ee\/223431\/","title":{"rendered":"VIDEO | \u201eMe ei vajanud abi, aga nad \u00fctlesid ei.\u201c Trumpi s\u00f5nul pole USA-l olnud NATO-st mingit kasu"},"content":{"rendered":"<p>P\u00e4rast seda, kui USA hakkas aasta alguses r\u00e4\u00e4kima <a rel=\"noopener nofollow\" target=\"_blank\" href=\"https:\/\/www.delfi.ee\/teema\/49192517\/groonimaa\" tag-id=\"49192517\">Gr\u00f6\u00f6nimaa<\/a> \u201ejulgeolekust\u201c, mida v\u00e4idetavalt ohustavad Hiina ja Venemaa, astus NATO samme saare kaitse tugevdamiseks, sealhulgas uue missiooniga \u201eArktika tunnimees\u201c. Trump v\u00e4ljendas selle \u00fcle kolmap\u00e4eval ebam\u00e4\u00e4rast rahulolematust, mida v\u00f5ib seletada asjaoluga, et NATO tegevus Gr\u00f6\u00f6nimaa kaitseks ei ole kuidagi aidanud kaasa tema v\u00e4lja\u00f6eldud eesm\u00e4rgile saar USA kontrolli alla saada.<\/p>\n<p>Samuti kaebas Trump, et NATO pole abistanud USA-d s\u00f5jas <a rel=\"noopener nofollow\" target=\"_blank\" href=\"https:\/\/www.delfi.ee\/teema\/24129493\/iraan\" tag-id=\"24129493\">Iraani<\/a> vastu. Tegelikult pole USA sellist abitaotlust NATO-le seni ka esitanud, k\u00fcll aga on paljud NATO riigid USA-le s\u00f5jas abi osutanud ning lubanud aidata kaasa ka rahuvalvemissioonile, kui praegune \u201erahuprotsess\u201c kunagi rahumeelselt l\u00f5ppema peaks. Pressikonverentsil kordas Trump p\u00e4rast liitlaste kritiseerimist oma varasemat v\u00e4idet, et USA ei soovigi ega vaja Iraani vastu abi, kuid oleks seda siiski vajanud ja oodanud.<\/p>\n<p>\u201eKui \u00f5iglane olla, siis nad ei r\u00e4\u00e4kinud sellest Markiga,\u201c seletas Trump tavap\u00e4raselt ebam\u00e4\u00e4rases s\u00f5nastuses. \u201eMa arvan, et kui ma oleks r\u00e4\u00e4kinud, oleks olnud teisiti. Aga me ei vajanud abi. Kui me neid tahtsime, me ei tahtnud neid h\u00e4dasti, aga me \u00fctlesime, et kui te tahate meiega liituda&#8230; Ja nad k\u00f5ik \u00fctlesid ei.\u201c<\/p>\n<p>Samuti v\u00e4itis Trump, et USA on \u201el\u00fchikese perioodi\u201c jooksul kulutanud Euroopa kaitsmisele Venemaa vastu triljon dollarit. Ta ei t\u00e4psustanud, kuidas ta selle arvutusk\u00e4iguni j\u00f5udis. USA kogu s\u00f5jaline eelarve on viimastel aastatel olnud 0,6 kuni 0,85 triljonit dollarit aastas.<\/p>\n<p>Peasekret\u00e4r Rutte presidendi jutule vahele ei seganud, Taani ja Gr\u00f6\u00f6nimaa kaitseks v\u00e4lja ei astunud ja \u00fchtegi valev\u00e4idet t\u00e4psustama ei t\u00f5tanud.<\/p>\n<p>Pressikonverentsil kritiseeris Trump eraldi ka <a rel=\"noopener nofollow\" target=\"_blank\" href=\"https:\/\/www.delfi.ee\/teema\/23167029\/hispaania\" tag-id=\"23167029\">Hispaaniat<\/a> ja \u00fctles, et kavatseb katkestada Hispaaniaga k\u00f5ik kaubandussuhted. Kuna Hispaania on Euroopa Liidu liige, ei ole \u00fcheainsa liikmesriigiga kaubanduse katkestamine USA jaoks siiski v\u00f5imalik. Seejuures on kahe riigi omavaheline kaubandusbilanss peaaegu v\u00f5rdne. Trump on varem kritiseerinud Hispaania madalaid kaitsekulutusi ning Hispaania omakorda tema korraldatud s\u00f5da Iraani vastu.<\/p>\n<p>\u201eMa ei r\u00e4\u00e4kinud Hispaaniaga, Hispaania on lootusetu juhtum,\u201c \u00fctles Trump. \u201eHispaania on NATO-le kohutav partner. Nad ei osale, nad ei maksa. Ma ei taha Hispaaniaga mingit pistmist teha. L\u00f5igake palun kogu kaubandus Hispaaniaga \u00e4ra, sealhulgas visiidid. Eks n\u00e4is, kui vaenulikud nad siis on, kui nad helistavad ja \u00fctlevad: palun, palun, me tahame teiega kaubitseda, h\u00e4rra.\u201c <\/p>\n<p>Kuidas see lugu Sind end tundma pani? Saada <a href=\"https:\/\/www.delfi.ee\/artikkel\/120595885\/video-me-ei-vajanud-abi-aga-nad-utlesid-ei-trumpi-sonul-pole-usa-l-olnud-nato-st-mingit-kasu\/kommentaarid\" class=\"article-body-bottom__comment article-body-bottom__comment--write button button--primary button--size-auto\" rel=\"nofollow noopener\" target=\"_blank\"> Kommenteeri <\/a><a href=\"https:\/\/www.delfi.ee\/artikkel\/120595885\/video-me-ei-vajanud-abi-aga-nad-utlesid-ei-trumpi-sonul-pole-usa-l-olnud-nato-st-mingit-kasu\/kommentaarid\" class=\"article-body-bottom__comment article-body-bottom__comment--read button button--size-auto\" rel=\"nofollow noopener\" target=\"_blank\"> Loe kommentaare (75)<\/a><\/p>\n","protected":false},"excerpt":{"rendered":"P\u00e4rast seda, kui USA hakkas aasta alguses r\u00e4\u00e4kima Gr\u00f6\u00f6nimaa \u201ejulgeolekust\u201c, mida v\u00e4idetavalt ohustavad Hiina ja Venemaa, astus NATO&hellip;\n","protected":false},"author":2,"featured_media":223432,"comment_status":"","ping_status":"","sticky":false,"template":"","format":"standard","meta":{"footnotes":"","_share_on_mastodon":"0"},"categories":[80],"tags":[26,27,324,37,33,35,34,36,31,32,2409,21,110,1925,28,29,95,3614,54,19,25,23,24,22,325,20,30,92,93,94],"class_list":["post-223431","post","type-post","status-publish","format-standard","has-post-thumbnail","category-maailm","tag-breaking-news","tag-breakingnews","tag-donald-trump","tag-ee","tag-eesti","tag-eesti-keel","tag-estonia","tag-estonian","tag-featured-news","tag-featurednews","tag-groonimaa","tag-headlines","tag-hispaania","tag-iraan","tag-latest-news","tag-latestnews","tag-maailm","tag-mark-rutte","tag-nato","tag-news","tag-populaarseimad-lood","tag-top-stories","tag-topstories","tag-uldised-uudised","tag-usa","tag-uudised","tag-viimased-uudised","tag-world","tag-world-news","tag-worldnews"],"share_on_mastodon":{"url":"https:\/\/pubeurope.com\/@ee\/116884156164301830","error":""},"_links":{"self":[{"href":"https:\/\/www.europesays.com\/ee\/wp-json\/wp\/v2\/posts\/223431","targetHints":{"allow":["GET"]}}],"collection":[{"href":"https:\/\/www.europesays.com\/ee\/wp-json\/wp\/v2\/posts"}],"about":[{"href":"https:\/\/www.europesays.com\/ee\/wp-json\/wp\/v2\/types\/post"}],"author":[{"embeddable":true,"href":"https:\/\/www.europesays.com\/ee\/wp-json\/wp\/v2\/users\/2"}],"replies":[{"embeddable":true,"href":"https:\/\/www.europesays.com\/ee\/wp-json\/wp\/v2\/comments?post=223431"}],"version-history":[{"count":0,"href":"https:\/\/www.europesays.com\/ee\/wp-json\/wp\/v2\/posts\/223431\/revisions"}],"wp:featuredmedia":[{"embeddable":true,"href":"https:\/\/www.europesays.com\/ee\/wp-json\/wp\/v2\/media\/223432"}],"wp:attachment":[{"href":"https:\/\/www.europesays.com\/ee\/wp-json\/wp\/v2\/media?parent=223431"}],"wp:term":[{"taxonomy":"category","embeddable":true,"href":"https:\/\/www.europesays.com\/ee\/wp-json\/wp\/v2\/categories?post=223431"},{"taxonomy":"post_tag","embeddable":true,"href":"https:\/\/www.europesays.com\/ee\/wp-json\/wp\/v2\/tags?post=223431"}],"curies":[{"name":"wp","href":"https:\/\/api.w.org\/{rel}","templated":true}]}}