{"id":223441,"date":"2026-07-08T11:49:10","date_gmt":"2026-07-08T11:49:10","guid":{"rendered":"https:\/\/www.europesays.com\/ee\/223441\/"},"modified":"2026-07-08T11:49:10","modified_gmt":"2026-07-08T11:49:10","slug":"euroopa-komisjon-lubas-seista-taani-ja-hispaania-eest-trumpi-ahvarduste-vastu","status":"publish","type":"post","link":"https:\/\/www.europesays.com\/ee\/223441\/","title":{"rendered":"Euroopa Komisjon lubas seista Taani ja Hispaania eest Trumpi \u00e4hvarduste vastu"},"content":{"rendered":"<p>Hispaania asjus \u00fctles komisjoni esindaja Olof Gill, et <a rel=\"noopener nofollow\" target=\"_blank\" href=\"https:\/\/www.delfi.ee\/teema\/24252885\/euroopa-liit-1\" tag-id=\"24252885\">Euroopa Liit<\/a> ootab, et USA austaks oma v\u00f5etud kohustusi kaubanduse valdkonnas.<\/p>\n<p>\u201eKomisjon on olnud selles k\u00fcsimuses v\u00e4ga selges\u00f5naline ja j\u00e4rjekindel ning meie l\u00e4henemine ei muutu. Nagu me oleme varem \u00f6elnud, on kaubavahetus Euroopa Liidu ja \u00dchendriikide vahel s\u00fcgavalt integreeritud ja vastastikku kasulik. Seet\u00f5ttu on meie vastastikune huvi neid suhteid kaitsta. See on t\u00f5esti t\u00e4htsam kui kunagi varem \u00fclemaailmse segaduse ajal. Ma tuletan teile meelde, et me allkirjastasime eelmisel aastal USA-ga \u00fchisavalduse. Me ootame, et USA austaks selle \u00fchisavaldusega v\u00f5etud kohustusi, nagu meie oleme austanud omi. Ja l\u00f5puks, ma kordan, komisjon tagab alati, et Euroopa Liidu ja k\u00f5igi meie liikmesriikide huvid oleksid t\u00e4ielikult kaitstud. Me seisame j\u00e4tkuvalt stabiilse, ettearvatava ja vastastikku kasuliku Atlandi-\u00fclese kaubavahetuse eest k\u00f5igi kasuks,\u201c \u00f6eldakse avalduses.<\/p>\n<p>Samuti t\u00f5rjus Euroopa Komisjon Trumpi n\u00f5udmised <a rel=\"noopener nofollow\" target=\"_blank\" href=\"https:\/\/www.delfi.ee\/teema\/49192517\/groonimaa\" tag-id=\"49192517\">Gr\u00f6\u00f6nimaa<\/a> asjus.<\/p>\n<p>\u201eGr\u00f6\u00f6nimaa on Taani Kuningriigi autonoomne territoorium. Otsused Gr\u00f6\u00f6nimaa tuleviku kohta on gr\u00f6\u00f6nlaste ja taanlaste teha. Territoriaalne terviklikkus, riiklik suver\u00e4\u00e4nsus ja piiride puutumatus on rahvusvahelise \u00f5iguse alusp\u00f5him\u00f5tted. Need ei ole h\u00e4davajalikud ainult Euroopa Liidu, vaid riikide jaoks \u00fcle maailma. Me ei l\u00f5peta nende kaitsmist ning EL seisab t\u00e4ies solidaarsuses Taani ja Gr\u00f6\u00f6nimaa rahvaga,\u201c teatas Euroopa Komisjon.<\/p>\n<p>Kuidas see lugu Sind end tundma pani? Saada <a href=\"https:\/\/www.delfi.ee\/artikkel\/120595903\/euroopa-komisjon-lubas-seista-taani-ja-hispaania-eest-trumpi-ahvarduste-vastu\/kommentaarid\" class=\"article-body-bottom__comment article-body-bottom__comment--write button button--primary button--size-auto\" rel=\"nofollow noopener\" target=\"_blank\"> Kommenteeri <\/a><a href=\"https:\/\/www.delfi.ee\/artikkel\/120595903\/euroopa-komisjon-lubas-seista-taani-ja-hispaania-eest-trumpi-ahvarduste-vastu\/kommentaarid\" class=\"article-body-bottom__comment article-body-bottom__comment--read button button--size-auto\" rel=\"nofollow noopener\" target=\"_blank\"> Loe kommentaare (7)<\/a><\/p>\n","protected":false},"excerpt":{"rendered":"Hispaania asjus \u00fctles komisjoni esindaja Olof Gill, et Euroopa Liit ootab, et USA austaks oma v\u00f5etud kohustusi kaubanduse&hellip;\n","protected":false},"author":2,"featured_media":223442,"comment_status":"","ping_status":"","sticky":false,"template":"","format":"standard","meta":{"footnotes":"","_share_on_mastodon":"0"},"categories":[5],"tags":[26,27,324,37,33,35,34,36,2337,590,31,32,2409,21,110,28,29,19,25,264,23,24,22,325,20,30],"class_list":["post-223441","post","type-post","status-publish","format-standard","has-post-thumbnail","category-uldised-uudised","tag-breaking-news","tag-breakingnews","tag-donald-trump","tag-ee","tag-eesti","tag-eesti-keel","tag-estonia","tag-estonian","tag-euroopa-komisjon","tag-euroopa-liit","tag-featured-news","tag-featurednews","tag-groonimaa","tag-headlines","tag-hispaania","tag-latest-news","tag-latestnews","tag-news","tag-populaarseimad-lood","tag-taani","tag-top-stories","tag-topstories","tag-uldised-uudised","tag-usa","tag-uudised","tag-viimased-uudised"],"share_on_mastodon":{"url":"https:\/\/pubeurope.com\/@ee\/116884207315931349","error":""},"_links":{"self":[{"href":"https:\/\/www.europesays.com\/ee\/wp-json\/wp\/v2\/posts\/223441","targetHints":{"allow":["GET"]}}],"collection":[{"href":"https:\/\/www.europesays.com\/ee\/wp-json\/wp\/v2\/posts"}],"about":[{"href":"https:\/\/www.europesays.com\/ee\/wp-json\/wp\/v2\/types\/post"}],"author":[{"embeddable":true,"href":"https:\/\/www.europesays.com\/ee\/wp-json\/wp\/v2\/users\/2"}],"replies":[{"embeddable":true,"href":"https:\/\/www.europesays.com\/ee\/wp-json\/wp\/v2\/comments?post=223441"}],"version-history":[{"count":0,"href":"https:\/\/www.europesays.com\/ee\/wp-json\/wp\/v2\/posts\/223441\/revisions"}],"wp:featuredmedia":[{"embeddable":true,"href":"https:\/\/www.europesays.com\/ee\/wp-json\/wp\/v2\/media\/223442"}],"wp:attachment":[{"href":"https:\/\/www.europesays.com\/ee\/wp-json\/wp\/v2\/media?parent=223441"}],"wp:term":[{"taxonomy":"category","embeddable":true,"href":"https:\/\/www.europesays.com\/ee\/wp-json\/wp\/v2\/categories?post=223441"},{"taxonomy":"post_tag","embeddable":true,"href":"https:\/\/www.europesays.com\/ee\/wp-json\/wp\/v2\/tags?post=223441"}],"curies":[{"name":"wp","href":"https:\/\/api.w.org\/{rel}","templated":true}]}}