{"id":223640,"date":"2026-07-08T16:46:09","date_gmt":"2026-07-08T16:46:09","guid":{"rendered":"https:\/\/www.europesays.com\/ee\/223640\/"},"modified":"2026-07-08T16:46:09","modified_gmt":"2026-07-08T16:46:09","slug":"koolidele-teevad-muret-opikohustusega-noored-kes-ei-taha-edasi-oppida-eesti","status":"publish","type":"post","link":"https:\/\/www.europesays.com\/ee\/223640\/","title":{"rendered":"Koolidele teevad muret \u00f5pikohustusega noored, kes ei taha edasi \u00f5ppida | Eesti"},"content":{"rendered":"<p>S\u00fcgisel algav kooliaasta on esimene, mil p\u00e4rast p\u00f5hikooli l\u00f5ppu peavad k\u00f5ik noored kuni 18-aastaseks saamiseni kooliteed j\u00e4tkama. Koolidele teevad aga peavalu need noored, kes pole edasi\u00f5ppimisest huvitatud. Kohalikke omavalitsusi kimbutab teadmine, et kooli mitteilmunuid tuleb neil hakata taga ajama.<\/p>\n<p>Senimaani on olnud nii, et need, kes \u00f5ppida ei taha, v\u00f5ivad koolitee p\u00e4rast 9. klassi l\u00f5ppenuks lugeda. Sellest s\u00fcgisest tuleb aga kohustuslikus korras j\u00e4tkata kuni t\u00e4isealiseks saamiseni. Koolide jaoks on t\u00f5sine mure, kuidas motiveerida neid, kes \u00f5ppimisest sugugi huvitatud pole.<\/p>\n<p>&#8220;Meil on vanas\u00f5na, et kes saab santi sundida, kui sant ei taha k\u00f5ndida. Saab olema v\u00e4ga keeruline \u00fclesanne neid lapsi \u00f5ppima panna, kes ei taha \u00f5ppida,&#8221; nentis Viljandi kutse\u00f5ppekeskuse juht Tarmo Loodus.<\/p>\n<p>Eelmisel aastal kadus p\u00e4rast p\u00f5hikooli l\u00f5ppu hariduss\u00fcsteemist umbes 600 \u00f5pilast. N\u00fc\u00fcd peab kooli mitteilmuvaid noori taga ajama kohalik omavalitsus, kelleks pealinnas on Tallinna haridusamet.<\/p>\n<p>&#8220;Me muretseme selle p\u00e4rast. Lihtne see kindlasti olema ei saa. Ja ka praegu Tallinnas on p\u00e4ris palju neid peresid, kelle rahvastikuregistrij\u00e4rgne elukoht on Tallinnas, aga kes tegelikult ei ole Tallinnas. On neid, kes on v\u00e4lismaal,&#8221; lausus Tallinna haridusameti hariduskorralduse juhataja Krista Keedus.<\/p>\n<p>P\u00e4rast esimest sisseastumisvooru on praegu ilma koolikohata umbes viiendik k\u00f5igist kohustatud noortest. Osa neist polegi kuhugi kandideerinud.<\/p>\n<p>&#8220;On ka neid, kes varsti hakkavad \u00e4rkama ja k\u00fcsima, et kus on meie koolikohad. Neid on ka varasemalt olnud, kes arvavad, et neile koolikoht m\u00e4\u00e4ratakse,&#8221; m\u00e4rkis Keedus.<\/p>\n<p>Looduse hinnangul kasvab koolis roll ps\u00fchholoogidel, eri- ja sotsiaalpedagoogidel, kuid eriti kutsekoolidesse neid piisavalt ei jagu.<\/p>\n<p>&#8220;Ma arvan, et s\u00fcgisel on olukord, kus me otsime nii-\u00f6elda hobilahendusi, kus inimesed, kes omavad mingit ettevalmistust, \u00f5pivad alles eripedagoogiks, me hakkame neid v\u00e4rbama,&#8221; \u00fctles Loodus.<\/p>\n<p>&#8220;Aktuaalne kaamera&#8221; k\u00fcsis ka haridus- ja teadusministeeriumilt (HTM), kas nad jagavad kohaliku omavalitsuse ja koolide muret, et k\u00f5ik noored pole \u00f5ppima motiveeritud.<\/p>\n<p>&#8220;Kui kool, kus on see mure, et \u00f5ppijad ei ole motiveeritud, siis esimene soovitus on see, et \u00f5ppeprotsess \u00fcle vaadata selliselt, et kus me neid noori k\u00f5netada saame, selleks et motivatsiooni tekitada. Sest \u00f5ppimise soov on tegelikult inimlik ja selle huvi tekitamine on kooli v\u00f5imuses,&#8221; lausus HTM-i kesk- ja kutsehariduse juhataja \u00dclle Matsin.<\/p>\n<p>Septembri alguseks selgub, kui paljud koolinimekirjast puuduvad.<\/p>\n","protected":false},"excerpt":{"rendered":"S\u00fcgisel algav kooliaasta on esimene, mil p\u00e4rast p\u00f5hikooli l\u00f5ppu peavad k\u00f5ik noored kuni 18-aastaseks saamiseni kooliteed j\u00e4tkama. Koolidele&hellip;\n","protected":false},"author":2,"featured_media":223641,"comment_status":"","ping_status":"","sticky":false,"template":"","format":"standard","meta":{"footnotes":"","_share_on_mastodon":"0"},"categories":[12],"tags":[26,27,37,33,35,34,36,31,32,406,3932,21,4057,28,29,19,6365,25,23,24,22,20,30],"class_list":["post-223640","post","type-post","status-publish","format-standard","has-post-thumbnail","category-eesti","tag-breaking-news","tag-breakingnews","tag-ee","tag-eesti","tag-eesti-keel","tag-estonia","tag-estonian","tag-featured-news","tag-featurednews","tag-haridus","tag-haridus-ja-teadusministeerium","tag-headlines","tag-koolid","tag-latest-news","tag-latestnews","tag-news","tag-opikohustus","tag-populaarseimad-lood","tag-top-stories","tag-topstories","tag-uldised-uudised","tag-uudised","tag-viimased-uudised"],"share_on_mastodon":{"url":"https:\/\/pubeurope.com\/@ee\/116885375252264066","error":""},"_links":{"self":[{"href":"https:\/\/www.europesays.com\/ee\/wp-json\/wp\/v2\/posts\/223640","targetHints":{"allow":["GET"]}}],"collection":[{"href":"https:\/\/www.europesays.com\/ee\/wp-json\/wp\/v2\/posts"}],"about":[{"href":"https:\/\/www.europesays.com\/ee\/wp-json\/wp\/v2\/types\/post"}],"author":[{"embeddable":true,"href":"https:\/\/www.europesays.com\/ee\/wp-json\/wp\/v2\/users\/2"}],"replies":[{"embeddable":true,"href":"https:\/\/www.europesays.com\/ee\/wp-json\/wp\/v2\/comments?post=223640"}],"version-history":[{"count":0,"href":"https:\/\/www.europesays.com\/ee\/wp-json\/wp\/v2\/posts\/223640\/revisions"}],"wp:featuredmedia":[{"embeddable":true,"href":"https:\/\/www.europesays.com\/ee\/wp-json\/wp\/v2\/media\/223641"}],"wp:attachment":[{"href":"https:\/\/www.europesays.com\/ee\/wp-json\/wp\/v2\/media?parent=223640"}],"wp:term":[{"taxonomy":"category","embeddable":true,"href":"https:\/\/www.europesays.com\/ee\/wp-json\/wp\/v2\/categories?post=223640"},{"taxonomy":"post_tag","embeddable":true,"href":"https:\/\/www.europesays.com\/ee\/wp-json\/wp\/v2\/tags?post=223640"}],"curies":[{"name":"wp","href":"https:\/\/api.w.org\/{rel}","templated":true}]}}