{"id":223723,"date":"2026-07-08T19:32:07","date_gmt":"2026-07-08T19:32:07","guid":{"rendered":"https:\/\/www.europesays.com\/ee\/223723\/"},"modified":"2026-07-08T19:32:07","modified_gmt":"2026-07-08T19:32:07","slug":"postimees-ukrainas-%e2%9f%a9-neli-aastat-hukkumisteateid-viinud-ukraina-major-ei-suuda-enam-siiralt-naerda","status":"publish","type":"post","link":"https:\/\/www.europesays.com\/ee\/223723\/","title":{"rendered":"POSTIMEES UKRAINAS \u27e9 Neli aastat hukkumisteateid viinud Ukraina major ei suuda enam siiralt naerda"},"content":{"rendered":"<p>Ta on seda t\u00f6\u00f6d L\u00e4\u00e4ne-Ukraina suurimas linnas Lvivis teinud alates suure s\u00f5ja kolmandast n\u00e4dalast ehk juba \u00fcle nelja aasta. Lazjuk ei tohtinud t\u00e4pselt \u00f6elda, mitu sellist kurba teadet on ta viinud, aga isegi umbm\u00e4\u00e4rane arv k\u00f5las masendavalt.<\/p>\n<p>\u00abMitusada hukkunut ja mitusada teadmata kadunut,\u00bb \u00fctles 48-aastane major, kes t\u00f6\u00f6tab ainult \u00fches Lvivi linna rajoonis, Sevt\u0161enko-nimelises. Selles \u00fcle 700 000 elanikuga linnas on kuus rajooni (meie m\u00f5istes linnaosa \u2013 J. P.).<\/p>\n<p>Hukkumisteate viijad ei k\u00e4i kunagi \u00fcksi \u2013 s\u00f5jav\u00e4e esindajaga on alati kaasas ka meedik v\u00f5i ps\u00fchholoog. Esimene meedik, naisterahvas, pidas koos Lazjukiga selles ametis vastu poolteist kuud.<\/p>\n","protected":false},"excerpt":{"rendered":"Ta on seda t\u00f6\u00f6d L\u00e4\u00e4ne-Ukraina suurimas linnas Lvivis teinud alates suure s\u00f5ja kolmandast n\u00e4dalast ehk juba \u00fcle nelja&hellip;\n","protected":false},"author":2,"featured_media":223724,"comment_status":"","ping_status":"","sticky":false,"template":"","format":"standard","meta":{"footnotes":"","_share_on_mastodon":"0"},"categories":[80],"tags":[26,27,37,33,35,34,36,31,32,21,28,29,3629,95,19,25,90889,23,24,262,7329,22,20,30,92,93,94],"class_list":["post-223723","post","type-post","status-publish","format-standard","has-post-thumbnail","category-maailm","tag-breaking-news","tag-breakingnews","tag-ee","tag-eesti","tag-eesti-keel","tag-estonia","tag-estonian","tag-featured-news","tag-featurednews","tag-headlines","tag-latest-news","tag-latestnews","tag-lviv","tag-maailm","tag-news","tag-populaarseimad-lood","tag-surmateatis","tag-top-stories","tag-topstories","tag-ukraina","tag-ukraina-sodurid","tag-uldised-uudised","tag-uudised","tag-viimased-uudised","tag-world","tag-world-news","tag-worldnews"],"share_on_mastodon":{"url":"https:\/\/pubeurope.com\/@ee\/116886028080571319","error":""},"_links":{"self":[{"href":"https:\/\/www.europesays.com\/ee\/wp-json\/wp\/v2\/posts\/223723","targetHints":{"allow":["GET"]}}],"collection":[{"href":"https:\/\/www.europesays.com\/ee\/wp-json\/wp\/v2\/posts"}],"about":[{"href":"https:\/\/www.europesays.com\/ee\/wp-json\/wp\/v2\/types\/post"}],"author":[{"embeddable":true,"href":"https:\/\/www.europesays.com\/ee\/wp-json\/wp\/v2\/users\/2"}],"replies":[{"embeddable":true,"href":"https:\/\/www.europesays.com\/ee\/wp-json\/wp\/v2\/comments?post=223723"}],"version-history":[{"count":0,"href":"https:\/\/www.europesays.com\/ee\/wp-json\/wp\/v2\/posts\/223723\/revisions"}],"wp:featuredmedia":[{"embeddable":true,"href":"https:\/\/www.europesays.com\/ee\/wp-json\/wp\/v2\/media\/223724"}],"wp:attachment":[{"href":"https:\/\/www.europesays.com\/ee\/wp-json\/wp\/v2\/media?parent=223723"}],"wp:term":[{"taxonomy":"category","embeddable":true,"href":"https:\/\/www.europesays.com\/ee\/wp-json\/wp\/v2\/categories?post=223723"},{"taxonomy":"post_tag","embeddable":true,"href":"https:\/\/www.europesays.com\/ee\/wp-json\/wp\/v2\/tags?post=223723"}],"curies":[{"name":"wp","href":"https:\/\/api.w.org\/{rel}","templated":true}]}}