{"id":223729,"date":"2026-07-08T19:44:41","date_gmt":"2026-07-08T19:44:41","guid":{"rendered":"https:\/\/www.europesays.com\/ee\/223729\/"},"modified":"2026-07-08T19:44:41","modified_gmt":"2026-07-08T19:44:41","slug":"advokaat-kriisa-puhul-voib-vaidetav-soltuvus-olla-kergendav-asjaolu-korvpall","status":"publish","type":"post","link":"https:\/\/www.europesays.com\/ee\/223729\/","title":{"rendered":"Advokaat: Kriisa puhul v\u00f5ib v\u00e4idetav s\u00f5ltuvus olla kergendav asjaolu | Korvpall"},"content":{"rendered":"<p>FBI vahistas eelmise n\u00e4dala l\u00f5pus Eesti korvpallur Kerr Kriisa ning teda s\u00fc\u00fcdistatakse suuremahulises pettuses. Vandeadvokaat Silver Reinsaare s\u00f5nul peaks eelk\u00f5ige j\u00e4\u00e4ma rahulikuks ja ootama detaile. N\u00e4iteks v\u00f5ib Kriisa v\u00e4idetav hasartm\u00e4ngus\u00f5ltuvus saada kergendavaks asjaoluks.<\/p>\n<p>Vandeadvokaat Silver Reinsaare s\u00f5nul on oluline r\u00f5hutada, et Kriisat pole s\u00fc\u00fcdi m\u00f5istetud, mist\u00f5ttu tuleks teda ka s\u00fc\u00fctult kohelda.<\/p>\n<p>Advokaadi s\u00f5nul on avaldatud s\u00fc\u00fcdistusakti puhul tegemist k\u00f5igest menetluse \u00fche poole h\u00fcpoteesiga toimunust ning see viitab lihtsalt asjaolule, et FBI-l on p\u00f5hjust Kriisat sellistes kuritegudest kahtlustada.<\/p>\n<p>&#8220;Kuid enda olemuselt t\u00e4histab see kriminaalasja kohtuliku menetlemise algust ning menetluse k\u00e4igus v\u00f5idakse j\u00f5uda hoopis teistsugustele tulemustele. Seet\u00f5ttu ei ole asjakohane sellest s\u00fc\u00fcdistusaktist teha kuigiv\u00f5rd laiaulatuslikke j\u00e4reldusi, sest tegelik t\u00f5de v\u00f5ib olla teistsugune,&#8221; selgitas Reinsaar.<\/p>\n<p>2,2 miljoni dollari suurune pettus on tema s\u00f5nul suuremahuline ning v\u00f5ib Ameerika \u00dchendriikides kasutatavate nn karistuse m\u00f5istmise suuniste kohaselt tuua endaga kaasa aastate pikkuse vangistuse.<\/p>\n<p>Samas l\u00e4htub kohtunik otsuse tegemisel siiski l\u00f5ppude-l\u00f5puks enda kaalutlusotsusest, mis s\u00f5ltub ka n\u00e4iteks kergendavatest asjaoludest v\u00f5i prokuratuuriga kokkulepele minemisest.<\/p>\n<p>&#8220;Eesti ajakirjanduses on esitatud vihjeid Kerr Kriisal v\u00e4idetavate hasartm\u00e4nguprobleemide kohta. Kui see on nii, siis v\u00f5ib sellel olla t\u00e4htsus karistuse individualiseerimisel. Sealne kohtupraktika tunnustab hasartm\u00e4ngus\u00f5ltuvust ehk gambling disorder&#8217;it ps\u00fc\u00fchikah\u00e4irena ning see v\u00f5ib v\u00f5imaldada kohtunikul karistuse m\u00f5istmisel tulla kehtestatud suunistest allapoole,&#8221; selgitas Reinsaar.<\/p>\n<p>V\u00e4idetavatele probleemidele Kriisa minevikus on viitanud nii Postimees kui ka \u00d5htuleht ning sama juttu on allikad r\u00e4\u00e4kinud ka ERR-i toimetusele.<\/p>\n<p>Samas on Kriisa noor ning tema minevikus teadaolevaid karistusi pole. Selge pole ka s\u00fc\u00fcdistuse mastaap. Muutuvaid asjaolusid on seega Reinsaare s\u00f5nul palju.<\/p>\n<p>&#8220;Tasuks v\u00f5tta rahulikult, oodata t\u00e4iendavat infot, eelk\u00f5ige Kerr Kriisa enda seisukohta talle esitatud s\u00fc\u00fcdistusele,&#8221; s\u00f5nas ta.<\/p>\n<p>Kuna Kriisa puhul on tegemist eestlasega, kes on v\u00e4lismaal h\u00e4tta sattunud, siis kas ja mida saab riik tema heaks teha?<\/p>\n<p>&#8220;Eesti riigil suuri abistamise v\u00f5imalusi t\u00f5en\u00e4oliselt ei ole. Kerr Kriisale tagatakse t\u00f5en\u00e4oliselt konsulaarabi ning kohalik saatkond saab j\u00e4lgida, et isiku p\u00f5hi\u00f5iguseid tagatakse sarnaselt teistele kinnipeetavatele ja s\u00fc\u00fcdistatavatele,&#8221; s\u00f5nas advokaat.<\/p>\n<p>V\u00e4lisministeeriumi s\u00f5nul on Eesti suursaatkond Washingtonis Kriisa kinnipidamisest teadlik ja on palunud USA ametiasutustelt kinnipidamise kohta lisainformatsiooni. Samas ei ole saatkond asukohariigis toimuva kohtumenetluses osaline.<\/p>\n<p>&#8220;Eesti kodanikul on \u00f5igus soovi korral suhelda Eesti konsuliga ja saatkond on abiandmiseks valmis. Kriisa ei ole hetkel saatkonnaga \u00fchendust v\u00f5tnud, k\u00fcll aga on Eesti suursaatkond Washingtonis suhelnud tema l\u00e4hedastega ja tema advokaadiga,&#8221; s\u00f5nati ERR-ile ministeeriumist.<\/p>\n<p>Kui Kriisa peaks aga vangi m\u00f5istetama, siis kas oleks asjakohane r\u00e4\u00e4kida vangide vahetusest?<\/p>\n<p>&#8220;Vangim\u00f5istetu saab tuua Eestisse karistust kandma justiitskoost\u00f6\u00f6 raames p\u00e4rast s\u00fc\u00fcdim\u00f5istva otsuse j\u00f5ustumist. See ei kehti tingimusi karistuste korral.&#8221;<\/p>\n","protected":false},"excerpt":{"rendered":"FBI vahistas eelmise n\u00e4dala l\u00f5pus Eesti korvpallur Kerr Kriisa ning teda s\u00fc\u00fcdistatakse suuremahulises pettuses. Vandeadvokaat Silver Reinsaare s\u00f5nul&hellip;\n","protected":false},"author":2,"featured_media":223730,"comment_status":"","ping_status":"","sticky":false,"template":"","format":"standard","meta":{"footnotes":"","_share_on_mastodon":"0"},"categories":[12],"tags":[26,27,37,33,35,34,36,1899,31,32,21,12924,28,29,19,25,22314,23,24,22,20,2486,30],"class_list":["post-223729","post","type-post","status-publish","format-standard","has-post-thumbnail","category-eesti","tag-breaking-news","tag-breakingnews","tag-ee","tag-eesti","tag-eesti-keel","tag-estonia","tag-estonian","tag-fbi","tag-featured-news","tag-featurednews","tag-headlines","tag-kerr-kriisa","tag-latest-news","tag-latestnews","tag-news","tag-populaarseimad-lood","tag-silver-reinsaar","tag-top-stories","tag-topstories","tag-uldised-uudised","tag-uudised","tag-valisministeerium","tag-viimased-uudised"],"share_on_mastodon":{"url":"https:\/\/pubeurope.com\/@ee\/116886075132286288","error":""},"_links":{"self":[{"href":"https:\/\/www.europesays.com\/ee\/wp-json\/wp\/v2\/posts\/223729","targetHints":{"allow":["GET"]}}],"collection":[{"href":"https:\/\/www.europesays.com\/ee\/wp-json\/wp\/v2\/posts"}],"about":[{"href":"https:\/\/www.europesays.com\/ee\/wp-json\/wp\/v2\/types\/post"}],"author":[{"embeddable":true,"href":"https:\/\/www.europesays.com\/ee\/wp-json\/wp\/v2\/users\/2"}],"replies":[{"embeddable":true,"href":"https:\/\/www.europesays.com\/ee\/wp-json\/wp\/v2\/comments?post=223729"}],"version-history":[{"count":0,"href":"https:\/\/www.europesays.com\/ee\/wp-json\/wp\/v2\/posts\/223729\/revisions"}],"wp:featuredmedia":[{"embeddable":true,"href":"https:\/\/www.europesays.com\/ee\/wp-json\/wp\/v2\/media\/223730"}],"wp:attachment":[{"href":"https:\/\/www.europesays.com\/ee\/wp-json\/wp\/v2\/media?parent=223729"}],"wp:term":[{"taxonomy":"category","embeddable":true,"href":"https:\/\/www.europesays.com\/ee\/wp-json\/wp\/v2\/categories?post=223729"},{"taxonomy":"post_tag","embeddable":true,"href":"https:\/\/www.europesays.com\/ee\/wp-json\/wp\/v2\/tags?post=223729"}],"curies":[{"name":"wp","href":"https:\/\/api.w.org\/{rel}","templated":true}]}}