{"id":223784,"date":"2026-07-08T21:44:08","date_gmt":"2026-07-08T21:44:08","guid":{"rendered":"https:\/\/www.europesays.com\/ee\/223784\/"},"modified":"2026-07-08T21:44:08","modified_gmt":"2026-07-08T21:44:08","slug":"venemaa-kehtestas-kutusekriisi-leevendamiseks-diislikutuse-ekspordikeelu","status":"publish","type":"post","link":"https:\/\/www.europesays.com\/ee\/223784\/","title":{"rendered":"Venemaa kehtestas k\u00fctusekriisi leevendamiseks diislik\u00fctuse ekspordikeelu"},"content":{"rendered":"<p>\u201eT\u00e4na j\u00f5ustus diislik\u00fctuse ekspordikeeld, mis v\u00f5imaldab suurendada siseturu tarnet,\u201c \u00fctles asepeaminister Alexander Novak valitsuse kohtumisel Venemaa valitseja <a rel=\"noopener nofollow\" target=\"_blank\" href=\"https:\/\/www.delfi.ee\/teema\/23342331\/vladimir-putin\" tag-id=\"23342331\">Vladimir Putiniga<\/a>. Keeld kehtib 31. juulini.<\/p>\n<p>\u201eSamuti hakkame juulis importima naftasaadusi ja suurendame tootmismahtusid, hankides madalama keskkonnaklassiga naftasaadusi,\u201c lisas Novak.<\/p>\n<p>Minister \u00fctles, et riigi k\u00fctuseturg on osaliselt stabiliseerunud, kuid pakub endiselt v\u00e4ljakutseid. \u201ePraegune olukord bensiinijaamades tekitab inimestes \u00e4revust. Olemasolevate \u00fclesannete lahendamiseks ja olukorra stabiliseerimiseks j\u00e4tkab valitsus t\u00e4iendavate sammude astumist,\u201c r\u00e4\u00e4kis ta.<\/p>\n<p>\u201eOtsus tehti siseriikliku k\u00fctuseturu stabiilsuse s\u00e4ilitamiseks,\u201c \u00f6eldi hilisemas valitsuse teates. Samuti m\u00e4rgiti, et keeld ei kehti Venemaalt rahvusvaheliste valitsustevaheliste lepingute alusel eksporditavale diislik\u00fctusele.<\/p>\n<p>Teadanne j\u00e4rgneb Ukraina edukatele r\u00fcnnakutele Venemaa territooriumil asuvate suurte naftatehaste vastu, mis on halvanud rajatiste tegevust. Selle tulemusena on Venemaal tekkinud k\u00fctusekriis. Mitmed piirkonnad on kehtestanud k\u00fctuse m\u00fc\u00fcgipiirangud \u00fche kliendi kohta, teised on aga keelanud k\u00fctusekanistrite t\u00e4itmise varumise v\u00e4ltimiseks.<\/p>\n<p>Putin tunnistas, et Ukraina r\u00fcnnakud energiataristule on aidanud kaasa k\u00fctusenappusele, kuid r\u00f5hutas, et olukord on kontrolli all. \u201eMe n\u00e4eme praegu teatud puudust, aga see pole kriitiline,\u201c \u00fctles Putin ja lisas, et kahjustatud energiarajatisi taastatakse kiiresti.<\/p>\n<p>Kuidas see lugu Sind end tundma pani? Saada <a href=\"https:\/\/www.delfi.ee\/artikkel\/120596016\/venemaa-kehtestas-kutusekriisi-leevendamiseks-diislikutuse-ekspordikeelu\/kommentaarid\" class=\"article-body-bottom__comment article-body-bottom__comment--write button button--primary button--size-auto\" rel=\"nofollow noopener\" target=\"_blank\"> Kommenteeri <\/a><a href=\"https:\/\/www.delfi.ee\/artikkel\/120596016\/venemaa-kehtestas-kutusekriisi-leevendamiseks-diislikutuse-ekspordikeelu\/kommentaarid\" class=\"article-body-bottom__comment article-body-bottom__comment--read button button--size-auto\" rel=\"nofollow noopener\" target=\"_blank\"> Loe kommentaare <\/a><\/p>\n","protected":false},"excerpt":{"rendered":"\u201eT\u00e4na j\u00f5ustus diislik\u00fctuse ekspordikeeld, mis v\u00f5imaldab suurendada siseturu tarnet,\u201c \u00fctles asepeaminister Alexander Novak valitsuse kohtumisel Venemaa valitseja Vladimir&hellip;\n","protected":false},"author":2,"featured_media":223785,"comment_status":"","ping_status":"","sticky":false,"template":"","format":"standard","meta":{"footnotes":"","_share_on_mastodon":"0"},"categories":[80],"tags":[26,27,9087,37,33,35,34,36,31,32,21,19150,28,29,95,19,25,23,24,262,22,20,96,30,661,92,93,94],"class_list":["post-223784","post","type-post","status-publish","format-standard","has-post-thumbnail","category-maailm","tag-breaking-news","tag-breakingnews","tag-diislikutus","tag-ee","tag-eesti","tag-eesti-keel","tag-estonia","tag-estonian","tag-featured-news","tag-featurednews","tag-headlines","tag-kutusekriis","tag-latest-news","tag-latestnews","tag-maailm","tag-news","tag-populaarseimad-lood","tag-top-stories","tag-topstories","tag-ukraina","tag-uldised-uudised","tag-uudised","tag-venemaa","tag-viimased-uudised","tag-vladimir-putin","tag-world","tag-world-news","tag-worldnews"],"share_on_mastodon":{"url":"https:\/\/pubeurope.com\/@ee\/116886547057234481","error":""},"_links":{"self":[{"href":"https:\/\/www.europesays.com\/ee\/wp-json\/wp\/v2\/posts\/223784","targetHints":{"allow":["GET"]}}],"collection":[{"href":"https:\/\/www.europesays.com\/ee\/wp-json\/wp\/v2\/posts"}],"about":[{"href":"https:\/\/www.europesays.com\/ee\/wp-json\/wp\/v2\/types\/post"}],"author":[{"embeddable":true,"href":"https:\/\/www.europesays.com\/ee\/wp-json\/wp\/v2\/users\/2"}],"replies":[{"embeddable":true,"href":"https:\/\/www.europesays.com\/ee\/wp-json\/wp\/v2\/comments?post=223784"}],"version-history":[{"count":0,"href":"https:\/\/www.europesays.com\/ee\/wp-json\/wp\/v2\/posts\/223784\/revisions"}],"wp:featuredmedia":[{"embeddable":true,"href":"https:\/\/www.europesays.com\/ee\/wp-json\/wp\/v2\/media\/223785"}],"wp:attachment":[{"href":"https:\/\/www.europesays.com\/ee\/wp-json\/wp\/v2\/media?parent=223784"}],"wp:term":[{"taxonomy":"category","embeddable":true,"href":"https:\/\/www.europesays.com\/ee\/wp-json\/wp\/v2\/categories?post=223784"},{"taxonomy":"post_tag","embeddable":true,"href":"https:\/\/www.europesays.com\/ee\/wp-json\/wp\/v2\/tags?post=223784"}],"curies":[{"name":"wp","href":"https:\/\/api.w.org\/{rel}","templated":true}]}}