{"id":22383,"date":"2025-10-18T14:37:12","date_gmt":"2025-10-18T14:37:12","guid":{"rendered":"https:\/\/www.europesays.com\/ee\/22383\/"},"modified":"2025-10-18T14:37:12","modified_gmt":"2025-10-18T14:37:12","slug":"voru-heliose-juht-kritiseeris-teravalt-eesti-valitsust-raha-on-pidudeks-ja-rohehulluseks-aga-mitte-hallide-projekti-lopuleviimiseks-soccernet-ee","status":"publish","type":"post","link":"https:\/\/www.europesays.com\/ee\/22383\/","title":{"rendered":"V\u00f5ru Heliose juht kritiseeris teravalt Eesti valitsust: raha on pidudeks ja rohehulluseks, aga mitte hallide projekti l\u00f5puleviimiseks &#8211; Soccernet.ee"},"content":{"rendered":"<p><img decoding=\"async\" src=\"https:\/\/www.europesays.com\/ee\/wp-content\/uploads\/2025\/10\/1760778737.JPG\" alt=\"Jalgpallihall Tallinnas. Foto: Brit Maria Tael\"\/>&#13;\n<\/p>\n<p>V\u00f5ru Heliose tegevjuht ja treener Jaanus Vislapuu kritiseeris teravalt Eesti valitsust, kuna jalgpallihallide projekti l\u00f5puleviimiseks raha ei leita.<\/p>\n<p>2020. aastal tehti algust projektiga, mille eesm\u00e4rgiks oli rajada v\u00e4hemalt \u00fcks jalgpallihall igasse Eesti maakonda. Praeguseks on hallid kerkinud \u00fcheksasse maakonda ning veel \u00fches on hall ehitusj\u00e4rgus. Viis maakonda on hetkeseisuga aga hallist ilma, nende seas V\u00f5rumaa (ja ka m\u00f5lemad V\u00f5rumaa naabermaakonnad ehk Valgamaa ja P\u00f5lvamaa).&#13;\n<\/p>\n<p>&#8220;Kahjuks on raha igasugu ministeeriumite ja allasutuste suurejoonelisteks pidudeks ja v\u00e4ljam\u00f5eldud soojadele kohtadele s\u00e4titud ametnike palkadeks, aga selleks, et viia hallide projekt Eestis l\u00f5puni, raha ei ole,&#8221; r\u00e4\u00e4kis Vislapuu intervjuus <a href=\"https:\/\/lounapostimees.postimees.ee\/8344862\/intervjuu-vutiklubi-loonud-treener-tootahte-ja-julgusega-jouab-kaugele?fbclid=IwY2xjawNgLvlleHRuA2FlbQIxMQABHlmYcsntmmSaZU926C6q0j9F9n7GHJGXV3pCCRVJuJ1W_5cBB5uJHKe0UO5H_aem_Vq5DgKhHwxW2IGGCBhrpHA\" target=\"_blank\" rel=\"nofollow noopener\">L\u00f5una-Eesti Postimehele<\/a>.&#13;\n<\/p>\n<p>&#8220;Rohehullusele oldi valmis kohe leidma 2,6 miljardit eurot, aga k\u00fcmmet miljonit viimaste jalgpallihallide riigipoolseks rahastuseks ei ole. V\u00e4ga kurb ja l\u00fchin\u00e4gelik k\u00e4itumine praeguselt valitsuselt. Need hallid oleksid k\u00fcll v\u00e4iksemates kohtades, aga siiski \u00fcliolulised ja lapsed V\u00f5rus v\u00e4\u00e4rivad samu v\u00f5imalusi, mis lapsed Tallinnas v\u00f5i Tartus,&#8221; j\u00e4tkas Vislapuu.<\/p>\n<p>&#8220;\u00dcks p\u00f5hjus, miks kaotame andekaid noori, on see, et v\u00e4ljas, talvistes tingimustes on keeruline professionaalselt treenida.&#8221;&#13;<\/p>\n","protected":false},"excerpt":{"rendered":"&#13; V\u00f5ru Heliose tegevjuht ja treener Jaanus Vislapuu kritiseeris teravalt Eesti valitsust, kuna jalgpallihallide projekti l\u00f5puleviimiseks raha ei&hellip;\n","protected":false},"author":2,"featured_media":22384,"comment_status":"","ping_status":"","sticky":false,"template":"","format":"standard","meta":{"footnotes":"","_share_on_mastodon":"0"},"categories":[18],"tags":[37,33,35,34,36,12783,12784,12785,159,158,7207,1012,12788,1298,12786,12787],"class_list":["post-22383","post","type-post","status-publish","format-standard","has-post-thumbnail","category-sport","tag-ee","tag-eesti","tag-eesti-keel","tag-estonia","tag-estonian","tag-helios","tag-jaanus-vislapuu","tag-jalgpallihallid","tag-sport","tag-sports","tag-vabariigi-valitsus","tag-valitsus","tag-vislapuu","tag-voru","tag-voru-fc-helios","tag-voru-jalgpallihall"],"share_on_mastodon":{"url":"","error":""},"_links":{"self":[{"href":"https:\/\/www.europesays.com\/ee\/wp-json\/wp\/v2\/posts\/22383","targetHints":{"allow":["GET"]}}],"collection":[{"href":"https:\/\/www.europesays.com\/ee\/wp-json\/wp\/v2\/posts"}],"about":[{"href":"https:\/\/www.europesays.com\/ee\/wp-json\/wp\/v2\/types\/post"}],"author":[{"embeddable":true,"href":"https:\/\/www.europesays.com\/ee\/wp-json\/wp\/v2\/users\/2"}],"replies":[{"embeddable":true,"href":"https:\/\/www.europesays.com\/ee\/wp-json\/wp\/v2\/comments?post=22383"}],"version-history":[{"count":0,"href":"https:\/\/www.europesays.com\/ee\/wp-json\/wp\/v2\/posts\/22383\/revisions"}],"wp:featuredmedia":[{"embeddable":true,"href":"https:\/\/www.europesays.com\/ee\/wp-json\/wp\/v2\/media\/22384"}],"wp:attachment":[{"href":"https:\/\/www.europesays.com\/ee\/wp-json\/wp\/v2\/media?parent=22383"}],"wp:term":[{"taxonomy":"category","embeddable":true,"href":"https:\/\/www.europesays.com\/ee\/wp-json\/wp\/v2\/categories?post=22383"},{"taxonomy":"post_tag","embeddable":true,"href":"https:\/\/www.europesays.com\/ee\/wp-json\/wp\/v2\/tags?post=22383"}],"curies":[{"name":"wp","href":"https:\/\/api.w.org\/{rel}","templated":true}]}}