{"id":223851,"date":"2026-07-09T01:26:30","date_gmt":"2026-07-09T01:26:30","guid":{"rendered":"https:\/\/www.europesays.com\/ee\/223851\/"},"modified":"2026-07-09T01:26:30","modified_gmt":"2026-07-09T01:26:30","slug":"lancelot-pavel-rikastas-5miinust-meeletult-muusika","status":"publish","type":"post","link":"https:\/\/www.europesays.com\/ee\/223851\/","title":{"rendered":"Lancelot: Pavel rikastas 5miinust meeletult | Muusika"},"content":{"rendered":"<p>Ansambel 5miinust t\u00e4histab t\u00e4navu k\u00fcmnendat tegutsemisaastat. Selle aja jooksul on s\u00f5prade siseringis s\u00fcndinud naljaprojektist kasvanud \u00fcks Eesti populaarsemaid b\u00e4nde, kelle teekond on viinud p\u00f5randaalusest Soundcloudi fenomenist vabariigi aastap\u00e4eva lavale ja Eurovisioonile.<\/p>\n<p>Vikerraadios vaatas Sten Teppan koos b\u00e4ndi liikmete P\u00e4evakoera, Lanceloti, P\u00f5hja-Korea ja Estoni Kohvriga tagasi 5miinuse kujunemisloole, suurimatele p\u00f6\u00f6rdepunktidele ja sellele, kuidas anon\u00fc\u00fcmsetest r\u00e4pparitest sai \u00fcle-eestiline n\u00e4htus.\u00a0ERR-i kultuuriportaalis ilmuva sarja teises osas r\u00e4\u00e4givad muusikud, kuidas j\u00f5udis b\u00e4ndi Pavel Bot\u0161arov ehk Venelane, milline oli nende esimene ja kontsert ning milline on \u00fcks hea tekst. <\/p>\n<p>Venelane rikastas b\u00e4ndi <\/p>\n<p>Esimene lugu, mille 5miinust k\u00f5igile kuulamiseks Soundcloudi \u00fcles riputas, oli &#8220;V\u00f5su kalifaat&#8221;. Lugu korjati \u00fcsna pea netiavarustest \u00fcles ja pandi ka raadiosse. See pani v\u00e4rske b\u00e4ndi jaoks palli veerema ja algas t\u00f6\u00f6 esimese albumiga.<\/p>\n<p>&#8220;Pool aastat v\u00f5i kaua me seda vorpisime. K\u00f5ik sai V\u00f5sul sisse tehtud, k\u00e4isime kogu aeg seal suvilas lindistamas ja meil k\u00e4isid featuring artistid seal k\u00fclas,&#8221; r\u00e4\u00e4kis P\u00e4evakoer.<\/p>\n<p>Teiste k\u00fclalisartistide seas j\u00f5udis 5miinuse juurde Pavel Bot\u0161arov, keda tuntakse ka nimede Venelane ja Gameboy Tetris j\u00e4rgi. Esimest korda salvestas ta 5miinusega 2015. aasta j\u00f5ulude ja aastavahetuse vahel, kui b\u00e4nd Tallinnas \u00fche s\u00f5bra keldis laulu &#8220;V\u00f5su glory&#8221; kirjutas.<\/p>\n<p>Bot\u0161arov sattus proovi juhuslikult \u2013 Korea teise b\u00e4ndi 615 muusik Cuba t\u00f5i ta lihtsalt endaga \u00f6\u00f6sel kaasa. Kui Bot\u0161arov n\u00e4gi, et mehed kirjutavad muusikat, soovis ta samuti kaasa l\u00fc\u00fca. Kuigi Korea ja Kohver ei olnud sellest esialgusuures vaimustuses, et keegi nende muusikale midagi peale tegema tuleb, sai Bot\u0161arov\u00a0v\u00f5imaluse.<\/p>\n<p>&#8220;Kui ta suu lahti tegi, siis sa kuulsid, et okei, see asi t\u00f6\u00f6tab suurep\u00e4raselt. Niimoodi tuli ta meile [albumi] peale. Me kutsusime ta esimesel plaadil paari-kolme refr\u00e4\u00e4ni veel,&#8221; r\u00e4\u00e4kis Korea.<\/p>\n<p>&#8220;Ta muutus kuidagi tahtmatult v\u00f5i tahtlikult meie refr\u00e4\u00e4nimeheks,&#8221; lisas Lancelot.<\/p>\n<p>\u00dchel hetkel otsustasid P\u00e4evakoer, Lancelot, P\u00f5hja-Korea ja Kohver, et nad kutsuvad Bot\u0161arovi ametlikult b\u00e4ndi.<\/p>\n<p>&#8220;Ma ei m\u00e4leta, kuidas see b\u00e4ndi kutsumine k\u00e4is, sest &#8220;Erootikapoe&#8221; tegemise ajal oli ta vist juba b\u00e4ndis. Meil oli mingisugune koosolek, et kutsuks Paveli ka p\u00e4ris b\u00e4ndiliikmeks, sest ta on kahe loo peal, k\u00f5lab \u00e4gedalt ja tundub, et ta annaks meile mingit nurka juurde,&#8221; meenutas Kohver.<\/p>\n<p><img decoding=\"async\" data-photo-id=\"3696958\" src=\"https:\/\/www.europesays.com\/ee\/wp-content\/uploads\/2026\/07\/3696958h907at24.jpg\"\/>5miinust 2017. aastal. Autor\/allikas: Pressimaterjalid<\/p>\n<p>B\u00e4ndi teine album &#8220;R\u00e4mmar&#8221; ilmus 2017. aastal ning selleks hetkeks oli Bot\u0161arovist saanud 5miinuse t\u00e4is\u00f5iguslik liige.<\/p>\n<p>Kuigi Bot\u0161arovile alguses see m\u00f5te ei meeldinud, ristiti ta 5miinuses Venelaseks.<\/p>\n<p>&#8220;See on nii r\u00e4igelt selle asja enda \u00fcle nalja tegemine \u2013 et oh, meil on b\u00e4ndis venelane, oma karikatuurse tegelase esindaja,&#8221; avas Korea.<\/p>\n<p>&#8220;Me seletasime Karliga kuidagi \u00e4ra, et see oleks \u00fclinaljakas, kui su nimi on Venelane. Ma ei teagi, kas ta oli l\u00f5puni n\u00f5us sellega,&#8221; lisas Kohver.<\/p>\n<p>Bot\u0161arov r\u00e4\u00e4kis aastaid tagasi &#8220;Pealtn\u00e4gijale&#8221; antud intervjuus, et kaalus pikalt kutset b\u00e4ndiga liituda. &#8220;Aga ma ikkagi v\u00f5tsin pakkumise vastu. Kui alustasin, sain teada, et ma oskan teist muusikat ka teha. Ma avastasin enda jaoks p\u00e4ris palju,&#8221; lausus ta toona.<\/p>\n<p>Kuni 5miinuseni polnud Bot\u0161arov seesugust popisugemetega muusikat teinud, samuti soovis ta proovida eesti keeles muusika loomist.<\/p>\n<p>&#8220;B\u00e4nd rikastus tollel hetkel meeletult. Meil oli esiteks Paveli meloodiline taju, pluss siis see, et ta h\u00e4\u00e4ldas eesti keeles natukene naljakalt, eriti alguses. Aga see oli j\u00e4llegi \u00e4ge asi, mis pani kuulama ja k\u00f5rvu tervitama, et mis asi see on,&#8221; r\u00e4\u00e4kis Lancelot.<\/p>\n<p>\u00dche meeldej\u00e4\u00e4va n\u00e4itena t\u00f5id b\u00e4ndikaaslased v\u00e4lja &#8220;Erootikapoes&#8221; k\u00f5lava fraasi &#8220;teeme su tissidest triibud&#8221;, mis tegelikult oleks pidanud olema &#8220;teeme su tissidelt triibud&#8221;. &#8220;Ta k\u00fcsis, kas nii on okei, me \u00fctlesime, et ei ole, aga tegelikult on naljakas, las j\u00e4\u00e4b,&#8221; muigas Lancelot.<\/p>\n<p>Kohveri s\u00f5nul olid Venelase refr\u00e4\u00e4nid pikalt miski, mida 5miinuse lauludest otsiti ja oodati. &#8220;Tal oli jube hea anne leida \u00fclitabavaid meloodiaid ja sinna peale kirjutada h\u00e4sti visuaalseid ja siiraid s\u00f5nu,&#8221; m\u00e4rkis ta.<\/p>\n<p>Venelane lahkus 5miinusest 2023. aastal. Pavel Bot\u0161arov suri 40-aastaselt selle aasta m\u00e4rtsis.<\/p>\n<p>Esimesel live&#8217;il tilkus laest higi alla <\/p>\n<p>5miinuse esimene live toimus 2016. aasta suvel Tallinnas klubis Pada. Enne seda k\u00e4isid muusikud Tartus proovi tegemas. See proov on P\u00e4evakoera s\u00f5nul \u00fcks k\u00f5ige piinlikumaid asju, mis nad k\u00fcmne aasta jooksul linti on v\u00f5tnud.<\/p>\n<p>&#8220;Ma arvan, et sada aastat peale meie surma v\u00f5ib selle asja ka avalikustada,&#8221; naeris ta. &#8220;See k\u00f5las halb, see n\u00e4gi halb. Me ei teadnud, kuidas me lava peal oleme.&#8221;<\/p>\n<p>Esimesest kontserdist m\u00e4letab P\u00e4evakoer eredalt seda, kuidas nad enne live&#8217;i algust kogunesid Paja vastas olevas reklaamiagentuuris, kus \u00fcks neist toona t\u00f6\u00f6tas. Nad vaatasid konverentsiruumi aknast esinemispaika ning tundus, nagu kedagi ei ole. N\u00f5nda mannetult siiski ei l\u00e4inud.<\/p>\n<p>&#8220;Me olime leidnud vana roostekarva Audi 100 auto, millele olime kapoti peale teinud 5miinuse lipu, et l\u00e4hme siseneme esimesel k\u00e4igul paarutades. Kui l\u00f5puks Paja v\u00e4rava ette j\u00f5udsime, siis n\u00e4gime, et seal on j\u00e4rjekord inimestest. Nad vaatasid, kes need kuradid tulevad Audiga siia,&#8221; kirjeldas P\u00e4evakoer. &#8220;See oli esimene t\u00f5eline rokkstaari moment. T\u00e4itsa selline tunne oli.&#8221;<\/p>\n<p>Kuna keegi polnud 5miinust varem n\u00e4inud, ei tundnud publik kontserdile saabunud muusikuid \u00e4ra.<\/p>\n<p>&#8220;Kui oli aeg lavale minna, hakkasin rahvas l\u00e4bi tr\u00fcgima. Tahtsin, et mingi mees eest tuleks, aga ta keeras \u00fcmber ja karjus mulle, et mida sa tr\u00fcgid, ma tahan ka n\u00e4ha. Neil ei olnud \u00f5rna aimugi, kes sealt tulevad ja millised me v\u00e4lja n\u00e4eme. See oli naljakas olukord,&#8221; meenutas P\u00e4evakoer.<\/p>\n<p><img decoding=\"async\" data-photo-id=\"3696961\" src=\"https:\/\/www.europesays.com\/ee\/wp-content\/uploads\/2026\/07\/3696961h1e65t24.jpg\"\/>5miinust 2016. aastal. Autor\/allikas: Andrei Ozdoba<\/p>\n<p>Kuigi kontserdieelne proov oli P\u00e4evakoera s\u00f5nul korralik p\u00f5rumine, s\u00fcttisid r\u00e4pparid lavale j\u00f5udes automaatselt p\u00f5lema. Korea r\u00e4\u00e4kis, et kohe kui nad mikrofonid k\u00e4tte v\u00f5tsid, hakkas m\u00f6ll piht.<\/p>\n<p>&#8220;Pakkusime kandikul viina, vett lendas, inimesed h\u00fcppasid rahva sekk \u2013 t\u00e4ielik punkm\u00e4su. Kui sa paned k\u00f5ik kokku, siis see m\u00f5juski niimoodi, et see lihtsalt tekitas inimestes huvi. Sa pead seda n\u00e4gema, see on mingisugune spektaakel,&#8221; kirjeldas ta.<\/p>\n<p>Paja live&#8217;ist on P\u00e4evakoeral eredalt meeles, kuidas seal l\u00f5puks laest higi tilkus. &#8220;See oli nii paksult rahvast t\u00e4is surutud, et lakke tekkis reaalselt kondensatsioon, mis alla tilkus.&#8221;<\/p>\n<p>Lancelot \u00fctles, et nende eesm\u00e4rk on alati olnud pakkuda rahvale nii suurt m\u00fcrtsu kui v\u00e4hegi v\u00f5imalik. &#8220;Emotsioon ja energia, mis lava pealt tuleb, on oluline. Seda oleme esimest p\u00e4evast kandnud. Meil on alati meeletu energia, mida me rahvale anname,&#8221; r\u00f5hutas ta.<\/p>\n<p>Ka see, kui laval kellelgi midagi valesti l\u00e4heb, ei morjenda neid, sest alati on m\u00f5ni b\u00e4ndikaaslane, kes suudab sassi l\u00e4inud otsa kiirelt \u00fcle v\u00f5tta.<\/p>\n<p>&#8220;Meil on ju \u00fcksteise osad peas, me teame ka teiste osasid teha. See, et sa saadki tulla vahele ja p\u00e4\u00e4sta v\u00f5i keegi tuleb vajadusel sulle appi, on algusest peale v\u00e4ga h\u00e4sti t\u00f6\u00f6tanud,&#8221; m\u00e4rkis P\u00e4evakoer.<\/p>\n<p>Kui tekst on naljakas, on t\u00f6\u00f6 h\u00e4sti tehtud<\/p>\n<p>5miinuse algusaegadel ei olnud erandlikud korrad, kui muusikud b\u00e4ndilaagrisse kokku tulid ja hakkasid alles siis \u00fcheskoos m\u00f5tlema, kelle k\u00e4est saada muusikat, millele s\u00f5nad luua. Nii nad helistasid produtsentidele ja uurisid, kas kellelgi on \u00e4kki m\u00f5ni demo seismas. Kui taust sai valitud, hakkas iga\u00fcks omaette nokitsema.<\/p>\n<p>Kohver r\u00e4\u00e4kis, et kirjutamine n\u00e4gi enamasti v\u00e4lja selline, et k\u00f5ik said oma osa kirjutamiseks umbes neli tundi ja kes valmis sai, laulis oma osa kohe sisse.<\/p>\n<p>&#8220;Muusika loomisel ei ole \u00f5iget v\u00f5i valet viisi, kuidas teha. Meil ta k\u00e4is niimoodi, et olime suvilas, tuju oli hea, biit \u00fc\u00fcrgas ja keegi kuskilt karjus, et kuule, mul on olemas, ma lindistan. Viimasel vennal oli niimoodi, et pool tundi on aega, v\u00f5tame j\u00e4rgmise teema. Kui poole tunniga [tehtud] ei ole, siis lindistame selle \u00e4ra, mis sul praegu on.&#8221;<\/p>\n<p>Lancelot t\u00f5i v\u00e4lja, et Kohver ja Korea on alati v\u00e4ga kiired kirjutajad olnud, samal ajal kui temal ja P\u00e4evakoeral on riimide seadmine kauem aega v\u00f5tnud. Kohvri s\u00f5nul oli peamine kirjutada naljakalt.<\/p>\n<p>&#8220;Kui sa l\u00e4ksid ja esitasid oma teksti ning t\u00fc\u00fcbid naersid, oli sinu t\u00f6\u00f6 h\u00e4sti tehtud. K\u00f5ikidel on mingid oma v\u00e4ga hullud momendid. Karl oli loomulikult algusest peale selline, kes r\u00e4ppis k\u00f5ik surnuks ja kirjutas \u00fcle. Siiamaani on, et oled Karliga b\u00e4ndilaagris, teed oma p\u00e4ris hea salmi \u00e4ra ja kuskilt tuleb Karl, teeb oma salmi ja m\u00f5tled, et selge, kirjutan siis enda oma natukene \u00fcmber,&#8221; r\u00e4\u00e4kis Kohver.<\/p>\n<p>&#8220;Aga meil on kogu aeg olnud selline b\u00e4ndisisene kvaliteedikontroll. Kui salm on jura, siis kirjutad \u00fcmber v\u00f5i ei ole selle laulu peal. K\u00f5ik laulud ei hakkagi k\u00f5ikidel t\u00f6\u00f6le. Sul ei kliki ja ei avane seal midagi,&#8221; t\u00f5des ta.<\/p>\n<p><img decoding=\"async\" data-photo-id=\"726646\" src=\"https:\/\/www.europesays.com\/ee\/wp-content\/uploads\/2026\/07\/726646h1eect24.jpg\"\/>Aastahitt 2019, 5miinuse liikmed Venelane, P\u00e4evakoer ja Kohver. Autor\/allikas: Priit M\u00fcrk\/ERR<\/p>\n<p>Viimane s\u00f5na\u00f5igus ja kontroll selle \u00fcle, kuidas lood k\u00f5lavad, on \u00fcldiselt j\u00e4\u00e4nud Koreale. Samas peab ta oluliseks, et k\u00f5ik saavad kaasa r\u00e4\u00e4kida.<\/p>\n<p>&#8220;Ma \u00fcritan k\u00f5iki kaasas hoida. \u00dche loo tegemine k\u00e4ib tihtilugu nii, et sa saadad produtsendiga v\u00e4ga palju meile ja palud tal mingeid asju parandada. L\u00f5puks tekib sul sellest laulust 17 versiooni ja sa hoiad kogu aeg teisi r\u00f5ngas,&#8221; selgitas ta.<\/p>\n<p>M\u00f5nikord v\u00f5ivad aga kunstilised arutelud v\u00f5rdlemisi tuliseks kiskuda. Korea meenutas, et lugu &#8220;Mis sa tegid?&#8221; kirjutades ei meeldinud Kohverile see, kuidas Korea ja Venelane loo \u00fcles tahtsid ehitada.<\/p>\n<p>&#8220;Meil oli Pafiga hoopis ebanormaalsem struktuur sellele laulule v\u00e4lja m\u00f5eldud: on minu salm, tuleb Kristjani helge vaikne osa ja siis tuleb j\u00e4rgmine salm ehk laulurong j\u00e4\u00e4b vahepeal pidama ja siis l\u00e4heb edasi. Aga Kris \u00fctles, et ta lahkub b\u00e4ndist, kui nii tehakse,&#8221; muigas Korea.<\/p>\n<p>Seda, et nad teevad loo valmis ja l\u00e4hevad seej\u00e4rel tipptasemel stuudiosse puhast versiooni lindistama, on harva juhtunud, \u00fctles Lancelot. Enamasti on b\u00e4ndilaagris purki saanud versioonid niiv\u00f5rd muheda energiaga, et stuudios on samasugust m\u00f5nusust raske purki p\u00fc\u00fcda.<\/p>\n<p>&#8220;Ma tean, et kamina praksumine pole selle inimese meelistegevus, kes seda p\u00e4rast puhastama ja k\u00f5lama panema peab,&#8221; naeris ta.<\/p>\n","protected":false},"excerpt":{"rendered":"Ansambel 5miinust t\u00e4histab t\u00e4navu k\u00fcmnendat tegutsemisaastat. Selle aja jooksul on s\u00f5prade siseringis s\u00fcndinud naljaprojektist kasvanud \u00fcks Eesti populaarsemaid&hellip;\n","protected":false},"author":2,"featured_media":223852,"comment_status":"","ping_status":"","sticky":false,"template":"","format":"standard","meta":{"footnotes":"","_share_on_mastodon":"0"},"categories":[12],"tags":[708,26,27,37,33,35,34,36,31,32,21,706,5496,23340,28,29,19,33770,62069,25,23,24,22,20,30],"class_list":["post-223851","post","type-post","status-publish","format-standard","has-post-thumbnail","category-eesti","tag-5miinust","tag-breaking-news","tag-breakingnews","tag-ee","tag-eesti","tag-eesti-keel","tag-estonia","tag-estonian","tag-featured-news","tag-featurednews","tag-headlines","tag-kohver","tag-korea","tag-lancelot","tag-latest-news","tag-latestnews","tag-news","tag-paevakoer","tag-pavel-botsarov","tag-populaarseimad-lood","tag-top-stories","tag-topstories","tag-uldised-uudised","tag-uudised","tag-viimased-uudised"],"share_on_mastodon":{"url":"https:\/\/pubeurope.com\/@ee\/116887420256231761","error":""},"_links":{"self":[{"href":"https:\/\/www.europesays.com\/ee\/wp-json\/wp\/v2\/posts\/223851","targetHints":{"allow":["GET"]}}],"collection":[{"href":"https:\/\/www.europesays.com\/ee\/wp-json\/wp\/v2\/posts"}],"about":[{"href":"https:\/\/www.europesays.com\/ee\/wp-json\/wp\/v2\/types\/post"}],"author":[{"embeddable":true,"href":"https:\/\/www.europesays.com\/ee\/wp-json\/wp\/v2\/users\/2"}],"replies":[{"embeddable":true,"href":"https:\/\/www.europesays.com\/ee\/wp-json\/wp\/v2\/comments?post=223851"}],"version-history":[{"count":0,"href":"https:\/\/www.europesays.com\/ee\/wp-json\/wp\/v2\/posts\/223851\/revisions"}],"wp:featuredmedia":[{"embeddable":true,"href":"https:\/\/www.europesays.com\/ee\/wp-json\/wp\/v2\/media\/223852"}],"wp:attachment":[{"href":"https:\/\/www.europesays.com\/ee\/wp-json\/wp\/v2\/media?parent=223851"}],"wp:term":[{"taxonomy":"category","embeddable":true,"href":"https:\/\/www.europesays.com\/ee\/wp-json\/wp\/v2\/categories?post=223851"},{"taxonomy":"post_tag","embeddable":true,"href":"https:\/\/www.europesays.com\/ee\/wp-json\/wp\/v2\/tags?post=223851"}],"curies":[{"name":"wp","href":"https:\/\/api.w.org\/{rel}","templated":true}]}}