{"id":223861,"date":"2026-07-09T02:22:08","date_gmt":"2026-07-09T02:22:08","guid":{"rendered":"https:\/\/www.europesays.com\/ee\/223861\/"},"modified":"2026-07-09T02:22:08","modified_gmt":"2026-07-09T02:22:08","slug":"kristiin-mikko-%e2%9f%a9-uimastite-tarvitamine-ei-ole-ainult-terviseteema-vaid-ka-julgeoleku-kusimus","status":"publish","type":"post","link":"https:\/\/www.europesays.com\/ee\/223861\/","title":{"rendered":"KRISTIIN MIKKO \u27e9 Uimastite tarvitamine ei ole ainult terviseteema, vaid ka julgeoleku k\u00fcsimus"},"content":{"rendered":"<p>Kriisihetkel eeldame, et inimesed tulevad riigile appi ja seisavad oma riigi eest. Loomulik tundub, et iga\u00fcks panustab, kui on vaja. Aga enne tasub k\u00fcsida midagi ebamugavat. Kas saame kriisiolukorras loota inimestele, kelle oleme aastaid j\u00e4tnud oma probleemidega \u00fcksi? Kas on \u00f5iglane oodata panust neilt, kellele abi otsimise asemel pakutakse sageli hukkam\u00f5istu ja h\u00e4bim\u00e4rgistamist? Uimastite k\u00fcsimus ei puuduta seega ainult tervishoidu, vaid puudutab ka julgeolekut.<\/p>\n","protected":false},"excerpt":{"rendered":"Kriisihetkel eeldame, et inimesed tulevad riigile appi ja seisavad oma riigi eest. Loomulik tundub, et iga\u00fcks panustab, kui&hellip;\n","protected":false},"author":2,"featured_media":218165,"comment_status":"","ping_status":"","sticky":false,"template":"","format":"standard","meta":{"footnotes":"","_share_on_mastodon":"0"},"categories":[5],"tags":[1403,26,27,17101,37,33,35,561,34,36,31,32,21,79618,498,2641,28,29,3638,19,25,1217,89207,20798,44996,23,24,1213,3639,22,20,30],"class_list":["post-223861","post","type-post","status-publish","format-standard","has-post-thumbnail","category-uldised-uudised","tag-alkohol","tag-breaking-news","tag-breakingnews","tag-e-sigaretid","tag-ee","tag-eesti","tag-eesti-keel","tag-ennetamine","tag-estonia","tag-estonian","tag-featured-news","tag-featurednews","tag-headlines","tag-hukkamoist","tag-julgeolek","tag-kriis","tag-latest-news","tag-latestnews","tag-narkootikumid","tag-news","tag-populaarseimad-lood","tag-soltuvus","tag-stigma","tag-surmad","tag-toovoime","tag-top-stories","tag-topstories","tag-tubakas","tag-uimastid","tag-uldised-uudised","tag-uudised","tag-viimased-uudised"],"share_on_mastodon":{"url":"https:\/\/pubeurope.com\/@ee\/116887640109733459","error":""},"_links":{"self":[{"href":"https:\/\/www.europesays.com\/ee\/wp-json\/wp\/v2\/posts\/223861","targetHints":{"allow":["GET"]}}],"collection":[{"href":"https:\/\/www.europesays.com\/ee\/wp-json\/wp\/v2\/posts"}],"about":[{"href":"https:\/\/www.europesays.com\/ee\/wp-json\/wp\/v2\/types\/post"}],"author":[{"embeddable":true,"href":"https:\/\/www.europesays.com\/ee\/wp-json\/wp\/v2\/users\/2"}],"replies":[{"embeddable":true,"href":"https:\/\/www.europesays.com\/ee\/wp-json\/wp\/v2\/comments?post=223861"}],"version-history":[{"count":0,"href":"https:\/\/www.europesays.com\/ee\/wp-json\/wp\/v2\/posts\/223861\/revisions"}],"wp:featuredmedia":[{"embeddable":true,"href":"https:\/\/www.europesays.com\/ee\/wp-json\/wp\/v2\/media\/218165"}],"wp:attachment":[{"href":"https:\/\/www.europesays.com\/ee\/wp-json\/wp\/v2\/media?parent=223861"}],"wp:term":[{"taxonomy":"category","embeddable":true,"href":"https:\/\/www.europesays.com\/ee\/wp-json\/wp\/v2\/categories?post=223861"},{"taxonomy":"post_tag","embeddable":true,"href":"https:\/\/www.europesays.com\/ee\/wp-json\/wp\/v2\/tags?post=223861"}],"curies":[{"name":"wp","href":"https:\/\/api.w.org\/{rel}","templated":true}]}}