{"id":223888,"date":"2026-07-09T03:59:10","date_gmt":"2026-07-09T03:59:10","guid":{"rendered":"https:\/\/www.europesays.com\/ee\/223888\/"},"modified":"2026-07-09T03:59:10","modified_gmt":"2026-07-09T03:59:10","slug":"trump-vahetas-ootamatult-lennukit-kahtlustatakse-julgeolekuohtu","status":"publish","type":"post","link":"https:\/\/www.europesays.com\/ee\/223888\/","title":{"rendered":"Trump vahetas ootamatult lennukit, kahtlustatakse julgeolekuohtu"},"content":{"rendered":"<p>Lennukivahetus toimus ajal, kui Trump kuulutas T\u00fcrgi NATO tippkohtumisele saabudes vaherahu <a rel=\"noopener nofollow\" target=\"_blank\" href=\"https:\/\/www.delfi.ee\/teema\/24129493\/iraan\" tag-id=\"24129493\">Iraaniga<\/a> l\u00f5ppenuks ning algasid USA r\u00fcnnakud enam kui 80 Iraani sihtm\u00e4rgi vastu. \u00dchtlasi pandi t\u00e4hele, et Ankarast \u00f5hku t\u00f5usmisel olid lennukil reisijate aknakatted suletud.<\/p>\n<p>Trump mainis muudatust oma Truth Sociali kontol. Ta kirjutas: \u201eMeie vaprate s\u00f5jav\u00e4elaste austuseks saadame \u00dchendkuningriigi Mildenhalli \u00f5huj\u00f5udude baasi t\u00e4iesti uue ja t\u00f5eliselt suurejoonelise Air Force One\u2019i, et anda neile v\u00f5imalus lennukis ringk\u00e4ik teha\u201c.<\/p>\n<p>Ta lisas, et lendab \u201evanade aegade m\u00e4lestuseks\u201c endise Air Force One\u2019iga T\u00fcrgist Mildenhalli. Need vanad ajad pole teab mis kauged, sest <a rel=\"noopener follow nofollow\" target=\"_blank\" href=\"https:\/\/www.delfi.ee\/artikkel\/120594525\/video-elevil-donald-trump-sai-esimest-korda-katari-kingitud-uue-lennukiga-lennata\" data-rel-date-range=\"[]\">Trump sai uue lennukiga esmakordselt lennata<\/a> n\u00e4dala eest. \u00dchtlasi oli T\u00fcrki lendamine uuele lennukile esimene rahvusvaheline reis. <\/p>\n<p>NATO tippkohtumisel Ankaras T\u00fcrgis toimunud pressikonverentsil k\u00fcsiti Trumpilt, miks ta uue lennukiga tagasi ei l\u00e4he. \u00dcks reporter palus presidendil vastata spekulatsioonidele, et ta lahkub Ankarast vana lennukiga Iraaniga seotud julgeolekukaalutlustel. Ajakirjanik lisas: \u201eTe olete t\u00e4na kaks korda r\u00e4\u00e4kinud sellest, et nad v\u00f5ivad teid m\u00f5rvata ja et neil v\u00f5ib \u00f5nnestuda.\u201c<\/p>\n<p>Trump ei kommenteerinud lennukit puudutavat osa, kuid v\u00f5imalike Iraani atentaadikatsete kohta \u00fctles: \u201eMa r\u00e4\u00e4gin sellest palju, sest presidendi elu on v\u00e4ga ohtlik.\u201c<br \/>\u201eMa olen Iraani tapmisnimekirjas number \u00fcks,\u201c lisas ta.<\/p>\n<p>Varsti k\u00fcsis teine \u200b\u200breporter: \u201eAga miks te uue lennukiga ei lenda?\u201c- Trump vastas sedasi: \u201eSee lendab Euroopasse \u00fchte suurde baasi, kahte v\u00f5i kolme suurde baasi, kus saame seda inimestele n\u00e4idata, ja me l\u00e4heme koju tavap\u00e4rasel viisil, aga meil on plaanis see Euroopasse viia, paari baasi, tegelikult \u00fchte konkreetsesse, aga see l\u00e4heb paari baasi, et s\u00f5durid saaksid seda n\u00e4ha, sest see on t\u00f5eliselt suurejooneline.\u201c<\/p>\n<p>Trumpi administratsioon p\u00e4lvis eelmisel aastal kriitikat Katarilt kingituseks saadud Boeing 747 vastuv\u00f5tmise eest, kusjuures seadusandjad v\u00e4ljendasid muret turvalisuse ja huvide konfliktide p\u00e4rast.<\/p>\n<p>Kuidas see lugu Sind end tundma pani? Saada <a href=\"https:\/\/www.delfi.ee\/artikkel\/120596022\/trump-vahetas-ootamatult-lennukit-kahtlustatakse-julgeolekuohtu\/kommentaarid\" class=\"article-body-bottom__comment article-body-bottom__comment--write button button--primary button--size-auto\" rel=\"nofollow noopener\" target=\"_blank\"> Kommenteeri <\/a><a href=\"https:\/\/www.delfi.ee\/artikkel\/120596022\/trump-vahetas-ootamatult-lennukit-kahtlustatakse-julgeolekuohtu\/kommentaarid\" class=\"article-body-bottom__comment article-body-bottom__comment--read button button--size-auto\" rel=\"nofollow noopener\" target=\"_blank\"> Loe kommentaare (1)<\/a><\/p>\n","protected":false},"excerpt":{"rendered":"Lennukivahetus toimus ajal, kui Trump kuulutas T\u00fcrgi NATO tippkohtumisele saabudes vaherahu Iraaniga l\u00f5ppenuks ning algasid USA r\u00fcnnakud enam&hellip;\n","protected":false},"author":2,"featured_media":223889,"comment_status":"","ping_status":"","sticky":false,"template":"","format":"standard","meta":{"footnotes":"","_share_on_mastodon":"0"},"categories":[80],"tags":[90908,7529,26,27,324,37,33,35,34,36,31,32,21,1925,8830,28,29,95,19,25,23,24,22,20,30,92,93,94],"class_list":["post-223888","post","type-post","status-publish","format-standard","has-post-thumbnail","category-maailm","tag-air-force-one","tag-ankara","tag-breaking-news","tag-breakingnews","tag-donald-trump","tag-ee","tag-eesti","tag-eesti-keel","tag-estonia","tag-estonian","tag-featured-news","tag-featurednews","tag-headlines","tag-iraan","tag-katar","tag-latest-news","tag-latestnews","tag-maailm","tag-news","tag-populaarseimad-lood","tag-top-stories","tag-topstories","tag-uldised-uudised","tag-uudised","tag-viimased-uudised","tag-world","tag-world-news","tag-worldnews"],"share_on_mastodon":{"url":"https:\/\/pubeurope.com\/@ee\/116888021391114606","error":""},"_links":{"self":[{"href":"https:\/\/www.europesays.com\/ee\/wp-json\/wp\/v2\/posts\/223888","targetHints":{"allow":["GET"]}}],"collection":[{"href":"https:\/\/www.europesays.com\/ee\/wp-json\/wp\/v2\/posts"}],"about":[{"href":"https:\/\/www.europesays.com\/ee\/wp-json\/wp\/v2\/types\/post"}],"author":[{"embeddable":true,"href":"https:\/\/www.europesays.com\/ee\/wp-json\/wp\/v2\/users\/2"}],"replies":[{"embeddable":true,"href":"https:\/\/www.europesays.com\/ee\/wp-json\/wp\/v2\/comments?post=223888"}],"version-history":[{"count":0,"href":"https:\/\/www.europesays.com\/ee\/wp-json\/wp\/v2\/posts\/223888\/revisions"}],"wp:featuredmedia":[{"embeddable":true,"href":"https:\/\/www.europesays.com\/ee\/wp-json\/wp\/v2\/media\/223889"}],"wp:attachment":[{"href":"https:\/\/www.europesays.com\/ee\/wp-json\/wp\/v2\/media?parent=223888"}],"wp:term":[{"taxonomy":"category","embeddable":true,"href":"https:\/\/www.europesays.com\/ee\/wp-json\/wp\/v2\/categories?post=223888"},{"taxonomy":"post_tag","embeddable":true,"href":"https:\/\/www.europesays.com\/ee\/wp-json\/wp\/v2\/tags?post=223888"}],"curies":[{"name":"wp","href":"https:\/\/api.w.org\/{rel}","templated":true}]}}