{"id":223966,"date":"2026-07-09T06:29:15","date_gmt":"2026-07-09T06:29:15","guid":{"rendered":"https:\/\/www.europesays.com\/ee\/223966\/"},"modified":"2026-07-09T06:29:15","modified_gmt":"2026-07-09T06:29:15","slug":"erdogan-kinkis-nato-tippkohtumisel-osalenud-euroopa-tippjuhtidele-graveeritud-relvad","status":"publish","type":"post","link":"https:\/\/www.europesays.com\/ee\/223966\/","title":{"rendered":"Erdo\u011fan kinkis NATO tippkohtumisel osalenud Euroopa tippjuhtidele graveeritud relvad"},"content":{"rendered":"<p>Erdo\u011fan andis Euroopa Komisjoni presidendile <a rel=\"noopener nofollow\" target=\"_blank\" href=\"https:\/\/www.delfi.ee\/teema\/66356322\/ursula-von-der-leyen\" tag-id=\"66356322\">Ursula von der Leyenile<\/a> ja Euroopa \u00dclemkogu eesistujale <a rel=\"noopener nofollow\" target=\"_blank\" href=\"https:\/\/www.delfi.ee\/teema\/96861805\/antonio-costa\" tag-id=\"96861805\">Ant\u00f3nio Costale<\/a> \u00fcle uhked tulirelvad koos padrunite ja puhastuskomplektiga, kinnitasid kaks EL-i ametnikku v\u00e4ljaandele Politico.<\/p>\n<p>Costa turvameeskond v\u00f5ttis relva kontrollimiseks enda k\u00e4tte, lisas \u00fcks ametnikest. \u201eJ\u00e4rgime Belgia protseduure, et see Belgiasse tuua, ja seej\u00e4rel hoiustame seda vastavalt n\u00f5ukogu peasekretariaadi kehtestatud turvan\u00f5uetele,\u201c \u00fctles ta.<\/p>\n<p>Von der Leyeni meeskond ei vastanud koheselt Politico kommentaaritaotlusele.<\/p>\n<p>\u00dcks ametnikest m\u00e4rkis, et eeldatavasti \u00fcletab tseremoniaalsete relvade v\u00e4\u00e4rtus kingituste v\u00e4\u00e4rtusele seatud ranged piirangud, mist\u00f5ttu on ebat\u00f5en\u00e4oline, et kingituse saajad j\u00e4tavad need endale.<\/p>\n<p>Kingituse saamist on kinnitanud ka Hollandi peaminister Rob Jetten ja peagi ametist lahkuv Suurbritannia peaminister <a rel=\"noopener nofollow\" target=\"_blank\" href=\"https:\/\/www.delfi.ee\/teema\/96859339\/keir-starmer\" tag-id=\"96859339\">Keir Starmer<\/a>. Viimane kirjeldas Briti ajakirjanikele, et relvadele olid graveeritud liidrite nimed, teatas uudisteagentuur PA Media.<\/p>\n<p>Kingitusega andis Erdo\u011fan igale juhile kaasa ka isikliku kirja, mis vabastas relvad ekspordikontrollist, kuid sellest olenemata ei saa osad juhid kinki seaduslikult oma kodumaale viia, m\u00e4rkis T\u00fcrgi v\u00e4ljaanne Turkiye Today.<\/p>\n<p>Nii Jetten kui ka Starmer kinnitasid, et j\u00e4tavad relvad esialgu T\u00fcrki, kus nad deaktiveeritakse ehk tehakse laskev\u00f5imetuks, enne kui need valitsusjuhtide kodumaale saadetakse.<\/p>\n<p>Kuidas see lugu Sind end tundma pani? Saada <a href=\"https:\/\/www.delfi.ee\/artikkel\/120596017\/erdogan-kinkis-nato-tippkohtumisel-osalenud-euroopa-tippjuhtidele-graveeritud-relvad\/kommentaarid\" class=\"article-body-bottom__comment article-body-bottom__comment--write button button--primary button--size-auto\" rel=\"nofollow noopener\" target=\"_blank\"> Kommenteeri <\/a><a href=\"https:\/\/www.delfi.ee\/artikkel\/120596017\/erdogan-kinkis-nato-tippkohtumisel-osalenud-euroopa-tippjuhtidele-graveeritud-relvad\/kommentaarid\" class=\"article-body-bottom__comment article-body-bottom__comment--read button button--size-auto\" rel=\"nofollow noopener\" target=\"_blank\"> Loe kommentaare (32)<\/a><\/p>\n","protected":false},"excerpt":{"rendered":"Erdo\u011fan andis Euroopa Komisjoni presidendile Ursula von der Leyenile ja Euroopa \u00dclemkogu eesistujale Ant\u00f3nio Costale \u00fcle uhked tulirelvad&hellip;\n","protected":false},"author":2,"featured_media":223967,"comment_status":"","ping_status":"","sticky":false,"template":"","format":"standard","meta":{"footnotes":"","_share_on_mastodon":"0"},"categories":[80],"tags":[7529,13539,26,27,37,33,35,34,36,31,32,21,993,28,29,95,54,19,25,2066,23,24,329,22,3943,20,30,92,93,94],"class_list":["post-223966","post","type-post","status-publish","format-standard","has-post-thumbnail","category-maailm","tag-ankara","tag-antonio-costa","tag-breaking-news","tag-breakingnews","tag-ee","tag-eesti","tag-eesti-keel","tag-estonia","tag-estonian","tag-featured-news","tag-featurednews","tag-headlines","tag-keir-starmer","tag-latest-news","tag-latestnews","tag-maailm","tag-nato","tag-news","tag-populaarseimad-lood","tag-recep-tayyip-erdogan","tag-top-stories","tag-topstories","tag-turgi","tag-uldised-uudised","tag-ursula-von-der-leyen","tag-uudised","tag-viimased-uudised","tag-world","tag-world-news","tag-worldnews"],"share_on_mastodon":{"url":"https:\/\/pubeurope.com\/@ee\/116888611709715337","error":""},"_links":{"self":[{"href":"https:\/\/www.europesays.com\/ee\/wp-json\/wp\/v2\/posts\/223966","targetHints":{"allow":["GET"]}}],"collection":[{"href":"https:\/\/www.europesays.com\/ee\/wp-json\/wp\/v2\/posts"}],"about":[{"href":"https:\/\/www.europesays.com\/ee\/wp-json\/wp\/v2\/types\/post"}],"author":[{"embeddable":true,"href":"https:\/\/www.europesays.com\/ee\/wp-json\/wp\/v2\/users\/2"}],"replies":[{"embeddable":true,"href":"https:\/\/www.europesays.com\/ee\/wp-json\/wp\/v2\/comments?post=223966"}],"version-history":[{"count":0,"href":"https:\/\/www.europesays.com\/ee\/wp-json\/wp\/v2\/posts\/223966\/revisions"}],"wp:featuredmedia":[{"embeddable":true,"href":"https:\/\/www.europesays.com\/ee\/wp-json\/wp\/v2\/media\/223967"}],"wp:attachment":[{"href":"https:\/\/www.europesays.com\/ee\/wp-json\/wp\/v2\/media?parent=223966"}],"wp:term":[{"taxonomy":"category","embeddable":true,"href":"https:\/\/www.europesays.com\/ee\/wp-json\/wp\/v2\/categories?post=223966"},{"taxonomy":"post_tag","embeddable":true,"href":"https:\/\/www.europesays.com\/ee\/wp-json\/wp\/v2\/tags?post=223966"}],"curies":[{"name":"wp","href":"https:\/\/api.w.org\/{rel}","templated":true}]}}