{"id":223970,"date":"2026-07-09T06:31:16","date_gmt":"2026-07-09T06:31:16","guid":{"rendered":"https:\/\/www.europesays.com\/ee\/223970\/"},"modified":"2026-07-09T06:31:16","modified_gmt":"2026-07-09T06:31:16","slug":"paevahoroskoop-%e2%9f%a9-9-juuli-kaksikutel-tuleb-usaldada-marke-neitsil-tasub-kuulata-oma-sudamehaalt","status":"publish","type":"post","link":"https:\/\/www.europesays.com\/ee\/223970\/","title":{"rendered":"P\u00c4EVAHOROSKOOP \u27e9 9. juuli: Kaksikutel tuleb usaldada m\u00e4rke, Neitsil tasub kuulata oma s\u00fcdameh\u00e4\u00e4lt"},"content":{"rendered":"<p>Isiklikud projektid teevad l\u00e4bi pehme vaimse kohandumise. Usalda eluteed ja luba oma tegemistel areneda omas loomulikus tempos.<\/p>\n<p>T\u00e4na keskendu pigem kodustele asjadele. Miski vajab p\u00f5hjalikku korrastamist, olgu siis peresuhetes v\u00f5i materiaalsel tasandil.<\/p>\n<p>Suhtluses tekib vajadus vaadata tulevikku l\u00e4bi intuitsiooni. Usalda m\u00e4rke ja lase looval inspiratsioonil end juhtida.<\/p>\n<p>Enesev\u00e4\u00e4rtustamine saab tuge, kui joondud oma t\u00f5eliste vaimsete sihtidega. Julge unistada suurelt ja v\u00e4\u00e4rtusta oma oskusi.<\/p>\n<p>Jupiter on kvinkunksis Kuu p\u00f5hjas\u00f5lmega. Isiklik laienemine ja hingesunni j\u00e4rgimine n\u00f5uavad pehmet sisemist kohandumist ja vaistu.<\/p>\n<p>Sinu peidetud anded ja alateadlik v\u00e4gi saavad v\u00f5imsa vaimse laengu. Kulissidetagune tegevus kannab vilja, kui kuulatad oma s\u00fcdameh\u00e4\u00e4lt.<\/p>\n<p>Suhted s\u00f5pradega toovad sinu ellu suurt optimismi. \u00dchenda oma suured ambitsioonid ja vaimsed v\u00e4\u00e4rtused, et luua midagi p\u00fcsivat.<\/p>\n<p>Karj\u00e4\u00e4ris avanevad v\u00f5imalused n\u00f5uavad intuitsiooni ja loovuse integreerimist. Professionaalne areng viib sind uute vaimsete sihtideni.<\/p>\n<p>Maailmavaade ja elufilosoofia avarduvad suure hooga, tuues kaasa hingesuguluse m\u00f5istmise. Jaga oma valgust ja teadmisi julgelt.<\/p>\n<p>\u00c4rilised ja emotsionaalsed investeeringud n\u00f5uavad pehmet \u00fcmberh\u00e4\u00e4lestamist vastavalt sinu sisemisele h\u00e4\u00e4lele. Usalda alkeemilist muutuste voolu.<\/p>\n<p>Olulised partnerid toovad sinu ellu soojust, k\u00fcllust ja arengut. \u00d5pi l\u00e4bi teiste inimeste kogemuste ja lase koost\u00f6\u00f6l hingesugulust toita.<\/p>\n<p>T\u00f6\u00f6 saab edasiviiva energias\u00fcsti, kui tood kohustustesse rohkem elur\u00f5\u00f5mu. Hoolitse keha eest l\u00e4htuvalt tugevast sisetundest.<\/p>\n","protected":false},"excerpt":{"rendered":"Isiklikud projektid teevad l\u00e4bi pehme vaimse kohandumise. Usalda eluteed ja luba oma tegemistel areneda omas loomulikus tempos. T\u00e4na&hellip;\n","protected":false},"author":2,"featured_media":223971,"comment_status":"","ping_status":"","sticky":false,"template":"","format":"standard","meta":{"footnotes":"","_share_on_mastodon":"0"},"categories":[5],"tags":[19497,9943,26,27,37,33,35,34,36,31,32,21,206,19493,19496,9135,6558,28,29,19494,19495,19,25,9137,90568,9136,37531,23,24,22,20,30],"class_list":["post-223970","post","type-post","status-publish","format-standard","has-post-thumbnail","category-uldised-uudised","tag-ambur","tag-astroloogia","tag-breaking-news","tag-breakingnews","tag-ee","tag-eesti","tag-eesti-keel","tag-estonia","tag-estonian","tag-featured-news","tag-featurednews","tag-headlines","tag-horoskoop","tag-jaar","tag-kaalud","tag-kaksikud","tag-kalad","tag-latest-news","tag-latestnews","tag-lovi","tag-neitsi","tag-news","tag-populaarseimad-lood","tag-skorpion","tag-sodiaak","tag-sonn","tag-tahtkujud","tag-top-stories","tag-topstories","tag-uldised-uudised","tag-uudised","tag-viimased-uudised"],"share_on_mastodon":{"url":"https:\/\/pubeurope.com\/@ee\/116888619265935782","error":""},"_links":{"self":[{"href":"https:\/\/www.europesays.com\/ee\/wp-json\/wp\/v2\/posts\/223970","targetHints":{"allow":["GET"]}}],"collection":[{"href":"https:\/\/www.europesays.com\/ee\/wp-json\/wp\/v2\/posts"}],"about":[{"href":"https:\/\/www.europesays.com\/ee\/wp-json\/wp\/v2\/types\/post"}],"author":[{"embeddable":true,"href":"https:\/\/www.europesays.com\/ee\/wp-json\/wp\/v2\/users\/2"}],"replies":[{"embeddable":true,"href":"https:\/\/www.europesays.com\/ee\/wp-json\/wp\/v2\/comments?post=223970"}],"version-history":[{"count":0,"href":"https:\/\/www.europesays.com\/ee\/wp-json\/wp\/v2\/posts\/223970\/revisions"}],"wp:featuredmedia":[{"embeddable":true,"href":"https:\/\/www.europesays.com\/ee\/wp-json\/wp\/v2\/media\/223971"}],"wp:attachment":[{"href":"https:\/\/www.europesays.com\/ee\/wp-json\/wp\/v2\/media?parent=223970"}],"wp:term":[{"taxonomy":"category","embeddable":true,"href":"https:\/\/www.europesays.com\/ee\/wp-json\/wp\/v2\/categories?post=223970"},{"taxonomy":"post_tag","embeddable":true,"href":"https:\/\/www.europesays.com\/ee\/wp-json\/wp\/v2\/tags?post=223970"}],"curies":[{"name":"wp","href":"https:\/\/api.w.org\/{rel}","templated":true}]}}