{"id":224033,"date":"2026-07-09T07:37:23","date_gmt":"2026-07-09T07:37:23","guid":{"rendered":"https:\/\/www.europesays.com\/ee\/224033\/"},"modified":"2026-07-09T07:37:23","modified_gmt":"2026-07-09T07:37:23","slug":"juri-toomepuu-eesti-vajab-ausat-ja-teovoimelist-presidenti-kelle-sona-maksab","status":"publish","type":"post","link":"https:\/\/www.europesays.com\/ee\/224033\/","title":{"rendered":"J\u00fcri Toomepuu: Eesti vajab ausat ja teov\u00f5imelist presidenti, kelle s\u00f5na maksab"},"content":{"rendered":"<p>\n<a href=\"https:\/\/www.eesti.ca\/pics\/2026\/07\/62550_001.jpg\" data-rel=\"lightbox-article\" title=\"\" rel=\"nofollow noopener\" target=\"_blank\"><img decoding=\"async\" src=\"https:\/\/www.europesays.com\/ee\/wp-content\/uploads\/2026\/07\/62550_001_t.jpg\" alt=\" - pics\/2026\/07\/62550_001_t.jpg\" style=\"max-width:100%;\"\/><\/a>Eesti j\u00e4rgmise presidendi valik ei tohiks kujuneda erakondade tagatoa aritmeetikaks, kus otsitakse inimest, kes kedagi liiga palju ei \u00e4rrita, aga kedagi ka eriti ei innusta. Me ei vaja Kadriorgu dekoratiivset vaikijat. Me vajame presidenti, kellel on iseloomu, kogemust, julgust ja arusaamist sellest, mis ajaloolises olukorras Eesti praegu elab. Seep\u00e4rast toetan Riho \u00dchtegi kandidatuuri Eesti Vabariigi presidendiks.<\/p>\n<p>ERR teatas, et Sven Gr\u00fcnberg, Hugo Osula, Kris Taska, Hendrik Toompere ja Raivo Vare on pakkunud Riho \u00dchtegit Eesti j\u00e4rgmise presidendi kandidaadiks ning \u00dchtegi n\u00f5usolek on selleks olemas. Nende \u00fcleskutse p\u00f5his\u00f5num on lihtne ja \u00f5ige: Eesti vajab riigipead, kes ei oleks parteide kokkulepete madalaim \u00fchisosa, vaid aus, otsekohene ja kogemustega liider. <\/p>\n<p>President ei juhi Eestis valitsust ega k\u00e4suta ministeeriume. Kuid president juhib midagi, mis on vahel veel olulisem: riigi moraalset n\u00e4rvi. Ta s\u00f5nastab, mis on oluline, kus on piir, mida ei tohi \u00fcletada, ja mida t\u00e4hendab vabadus ajal, mil vabadust j\u00e4lle Euroopas piiratakse. Eesti president peab olema inimene, kelle s\u00f5na usutakse ka siis, kui olukord on halb, ja kelle vaikiminegi t\u00e4hendab midagi.<\/p>\n<p>Presidendi valib Eestis Riigikogu; kandidaadi \u00fclesseadmiseks on vaja v\u00e4hemalt viiendiku Riigikogu koosseisu toetust ning valituks osutumiseks kahekolmandikulist h\u00e4\u00e4lteenamust. Kui Riigikogus presidenti ei valita, liigub protsess valimiskogusse. Just seet\u00f5ttu on praegustel Riigikogu liikmetel eriline vastutus. Nad ei vali ainult inimest ametisse. Nad annavad vastuse k\u00fcsimusele, millist Eestit nad meie ajaloolisel ristteel esindavad.<\/p>\n<p>Advertisement \/ Reklaam<\/p>\n<p>Advertisement \/ Reklaam<\/p>\n<p>\tTubli Kaiteliidu \u00fclem<\/p>\n<p>Riho \u00dchtegi sobivus ei seisne ainult selles, et ta on kindralmajor ja endine Kaitseliidu \u00fclem. Auaste iseenesest ei tee kedagi riigipeaks. Kuid tema eluk\u00e4ik n\u00e4itab haruldast j\u00e4rjepidevust: Kaitseliidu liige juba enne Eesti Vabariigi taastamist, Eesti kaitsev\u00e4e luure- ja erioperatsioonide \u00fclesehitaja, 2012\u20132019 Kaitsev\u00e4e erioperatsioonide v\u00e4ejuhatuse \u00fclem ning 2019\u20132023 Kaitseliidu \u00fclem. Kaitseliidu ametlik elulugu m\u00e4rgib ka tema \u00f5igusteaduse magistrikraadi Tartu \u00dclikoolist ja pika teenistusk\u00e4igu, mis ulatub taastatud Eesti riigikaitse algusaegadest t\u00e4nap\u00e4evani. <\/p>\n<p>See on oluline, sest Eesti presidendil peab olema s\u00fcgav vaist riigi p\u00fcsimise k\u00fcsimustes. Presidendi roll ei ole ainult k\u00f5nesid pidada, vaid anda rahvale kindlust, et meie riiklik m\u00f5tlemine ei piirdu nelja-aastaste valimists\u00fcklitega. Riho \u00dchtegi m\u00f5tlemine on kujunenud Eesti kaitsmise praktilises maailmas. See maailm ei andesta udujuttu. Seal loevad valmisolek, vastutus, distsipliin, tegelik koost\u00f6\u00f6 ja oskus teha vahet olulisel ning teisej\u00e4rgulisel.<\/p>\n<p>Tema t\u00f6\u00f6 Kaitseliidu \u00fclemana on selle parim t\u00f5end. \u00dchtegi ametiajal ei olnud Kaitseliit enam ainult ilus rahvuslik s\u00fcmbol, vaid muutus \u00fcha selgemalt territoriaalse kaitse ja laiapindse riigikaitse kandjaks. Kaitseliidu liikmeskond kasvas ja tugevnes. Kaitseliidu 2025. aasta majandusaasta aruandes toodud v\u00f5rdlus n\u00e4itab, et 2023. aastaks oli Kaitseliidu liikmeskond kokku 29 927 inimest, sh 17 739 kaitseliitlast ja 3 866 naiskodukaitsjat. 2021. aastal oli koguarv 25 355. See ei ole ainult statistika; see on kaitsetahte m\u00f5\u00f5dik. <\/p>\n<p>Veel t\u00e4htsam oli sisuline areng. Kaitseliit muutus \u00dchtegi ajal organisatsiooniks, kus vabatahtlikkust hakati \u00fcha enam siduma konkreetse s\u00f5jaaja \u00fclesandega. S\u00f5ja korral ei piisa sellest, et rahval on hea tahe. Vaja on teada, kes, kus, kelle k\u00e4su all ja millise varustusega tegutseb. Vaja on v\u00e4lja\u00f5petatud \u00fcksusi, kohalikke juhte, toimivat sidet, varustust, meditsiini, evakuatsiooni, tagalat, k\u00fcberkaitset ja \u00fchiskondlikku vastupidavust. Kaitseliidu areng \u00dchtegi ajal liikus just selles suunas.<\/p>\n<p>Advertisement \/ Reklaam<\/p>\n<p>Advertisement \/ Reklaam<\/p>\n<p>\t2023. aasta \u00f5ppus Ussis\u00f5nad oli selle muutuse k\u00f5ige n\u00e4htavam v\u00e4ljendus. Kaitsev\u00e4gi ja Kaitseliit andsid s\u00fcgisel t\u00e4iendv\u00e4lja\u00f5ppe ligi 10 000 maakaitsestruktuuri m\u00e4\u00e4ratud reservv\u00e4elasele; \u00f5ppus toimus \u00fcle Eesti ja selle korraldasid k\u00f5ik Kaitseliidu maakaitseringkonnad. Selline ettev\u00f5tmine ei s\u00fcnni iseenesest. See n\u00f5uab organisatsiooni, mis oskab planeerida, juhtida ja inimesi kaasata. \u00dchtegi juhtis Kaitseliitu ajal, mil Eesti pidi p\u00e4rast Venemaa r\u00fcnnakut Ukrainale v\u00e4ga kiiresti oma kaitse m\u00f5tlemist s\u00fcvendama. Ta ei pidanud loenguid valmisolekust; ta aitas valmisolekut \u00fcles ehitada. <\/p>\n<p>Eesti presidendile on selline kogemus erakordselt v\u00e4\u00e4rtuslik. Meie riigi peamine julgeolekuprobleem ei ole abstraktne. Me elame Eesti p\u00f5lise, ohtliku vaenlase k\u00f5rval. Meie ajalooline m\u00e4lu ei ole paranoia, vaid kogemus. Eesti iseseisvus p\u00fcsib ainult siis, kui meie s\u00f5brad usuvad meie t\u00f5siseltv\u00f5etavust ja meie vastased usuvad meie tahet vastu seista. Eesti vajab presidenti, kes m\u00f5istab heidutust mitte loosungi, vaid elukogemusena.<\/p>\n<p>Aus nimi on kallim kui kuld<\/p>\n<p>Riho \u00dchtegi ei ole ainult s\u00f5jav\u00e4elane. Tema tugevus on ka selles, et ta oskab r\u00e4\u00e4kida otse. Eesti avalikus elus on liiga palju \u00fcmarat juttu, kus \u00f6eldakse korraga k\u00f5ike ja mitte midagi. \u00dchtegi puhul on tajutav, et ta ei otsi k\u00f5igepealt s\u00f5nu, mis k\u00f5igile meeldivad, vaid s\u00f5nu, mis vastavad tegelikkusele. See v\u00f5ib m\u00f5nele tunduda karm. Kuid praegune aeg ei vaja suhkrustatud rahustamist. See vajab ausust.<\/p>\n<p>Samas ei t\u00e4henda otsekohesus l\u00f5hestamist. \u00dchtegi ise on \u00f6elnud, et kuigi v\u00e4lispoliitikal on presidendi t\u00f6\u00f6s oma koht, on k\u00f5ige t\u00e4htsam rahvusliku \u00fchtsuse tagamine. Ta on nimetanud end maailmavaatelt konservatiiviks, kuid presidendi \u00fclesanne ei ole olla \u00fche partei v\u00f5i leeri maskott. President peab olema p\u00f5hiseaduse, riigi ja rahva president. <\/p>\n<p>Mees kes \u00fchendab<\/p>\n<p>Just siin on tema kandidatuuri tuum. Eesti on v\u00e4sinud poliitilisest l\u00f5hkumisest. Inimesed ei usu enam nii kergesti institutsioone, parteisid ega suuri loosungeid. \u00dcks osa rahvast tunneb, et teda ei kuulata. Teine osa kardab, et riik v\u00f5ib triivida ohtlikus suunas. M\u00f5lemad hirmud on p\u00f5igustatud. President ei saa neid k\u00f5iki seadustega lahendada, kuid ta saab anda avalikule elule tooni. Ta saab meenutada, et erimeelsus ei pea t\u00e4hendama vaenu ja et rahvuslik \u00fchtsus ei t\u00e4henda m\u00f5ttekeeldu.<\/p>\n<p>Advertisement \/ Reklaam<\/p>\n<p>Advertisement \/ Reklaam<\/p>\n<p>\tRiho \u00dchtegi taust sobib sellesse rolli paremini kui paljude karj\u00e4\u00e4ripoliitikute oma. Kaitseliit on Eesti \u00fchiskonna l\u00e4bil\u00f5ige. Seal on erineva hariduse, sissetuleku, elukoha ja maailmavaatega inimesi, keda \u00fchendab \u00fcks otsus: kui Eesti vajab kaitsmist, siis mina ei astu k\u00f5rvale. Inimene, kes on juhtinud sellist organisatsiooni, teab paremini kui enamik poliitikuid, et riik ei koosne ainult ministeeriumidest ja pressikonverentsidest. Riik koosneb inimestest, kes tulevad kohale.<\/p>\n<p>Eesti ei vaja presidendiks inimest, kes lubab v\u00f5imatut. Me vajame inimest, kes suudab nimetada v\u00f5imalikku, vajalikku ja m\u00f6\u00f6dap\u00e4\u00e4smatut. Me vajame presidenti, kes m\u00f5istab, et kaitsev\u00f5ime ei t\u00e4henda ainult tanke ja rakette, vaid ka rahva meelekindlust, kohalike kogukondade vastupidavust, noorte kasvatust, naiste rolli riigikaitses, k\u00fcberruumi kaitset ja \u00fchiskonna usaldust iseenda vastu.<\/p>\n<p>2026. aasta presidendivalimised toimuvad ajal, mil parteidel v\u00f5ib tekkida tugev kiusatus muuta Kadrioru valik eelseisvate Riigikogu valimiste m\u00e4ngulauaks. Politoloog T\u00f5nis Saarts on juhtinud t\u00e4helepanu, et presidendivalimised toimuvad vaid umbes pool aastat enne Riigikogu valimisi ja see v\u00f5ib suurendada parteide soovi n\u00e4idata, et just nemad \u201ctegid presidendi\u201d. See on ohtlik m\u00f5tteviis. Presidenti ei tohi \u201cteha\u201d. President tuleb valida. <\/p>\n<p>Riho \u00dchtegi kandidatuur annaks Riigikogule v\u00f5imaluse t\u00f5usta \u00fcle tavap\u00e4rasest parteitaktikast. See oleks v\u00f5imalus \u00f6elda, et Eesti Vabariigi presidendi amet v\u00e4\u00e4rib inimest, kelle elu on olnud seotud riigi teenimisega, mitte ainult poliitilise positsioneerimisega. See oleks ka s\u00f5num meie liitlastele ja vastastele: Eesti m\u00f5istab, et aeg on t\u00f5sine, ja valib endale riigipea, kes m\u00f5istab t\u00f5sidust.<\/p>\n<p>Toetan Riho \u00dchtegit, sest Eesti vajab presidenti, kes teab, mis on riik, mis on vastutus ja mis on vabaduse hind. Eesti vajab presidenti, kes ei pea \u00f5ppima julgeolekut briifingumapist, vaid tunneb seda teenistusest. Eesti vajab presidenti, kes suudab r\u00e4\u00e4kida rahvaga ilma t\u00fchja iluk\u00f5neta ja esindada Eestit nii, et tema s\u00f5nal oleks kaalu.<\/p>\n<p>Advertisement \/ Reklaam<\/p>\n<p>Advertisement \/ Reklaam<\/p>\n<p>\tPresidendiamet ei ole autasu pika teenistuse eest. See on usaldus\u00fclesanne. Riho \u00dchtegi on oma teenistusega n\u00e4idanud, et ta oskab usaldust kanda. Seep\u00e4rast peaksid Riigikogu liikmed tema kandidatuuri toetama \u2014 mitte kui \u00fche ringkonna v\u00f5i \u00fche maailmavaate kandidaati, vaid kui Eesti riigi t\u00f5siseltv\u00f5etavat v\u00f5imalust.<\/p>\n<p>Eesti vajab praegu presidenti, kes \u00fchendab kainuse, julguse ja iseloomu. Riho \u00dchtegi on selline mees.<\/p>\n","protected":false},"excerpt":{"rendered":"Eesti j\u00e4rgmise presidendi valik ei tohiks kujuneda erakondade tagatoa aritmeetikaks, kus otsitakse inimest, kes kedagi liiga palju ei&hellip;\n","protected":false},"author":2,"featured_media":224034,"comment_status":"","ping_status":"","sticky":false,"template":"","format":"standard","meta":{"footnotes":"","_share_on_mastodon":"0"},"categories":[5],"tags":[4362,26,27,37,33,4358,35,4360,34,36,4359,4364,4357,31,32,21,1554,28,29,19,25,23,24,22,20,4361,4363,30],"class_list":["post-224033","post","type-post","status-publish","format-standard","has-post-thumbnail","category-uldised-uudised","tag-ajaleht","tag-breaking-news","tag-breakingnews","tag-ee","tag-eesti","tag-eesti-elu","tag-eesti-keel","tag-eestielu","tag-estonia","tag-estonian","tag-estonian-life","tag-estonian-media","tag-estonian-world-review","tag-featured-news","tag-featurednews","tag-headlines","tag-kanada","tag-latest-news","tag-latestnews","tag-news","tag-populaarseimad-lood","tag-top-stories","tag-topstories","tag-uldised-uudised","tag-uudised","tag-valiseesti","tag-valiseestlased","tag-viimased-uudised"],"share_on_mastodon":{"url":"https:\/\/pubeurope.com\/@ee\/116888878645674847","error":""},"_links":{"self":[{"href":"https:\/\/www.europesays.com\/ee\/wp-json\/wp\/v2\/posts\/224033","targetHints":{"allow":["GET"]}}],"collection":[{"href":"https:\/\/www.europesays.com\/ee\/wp-json\/wp\/v2\/posts"}],"about":[{"href":"https:\/\/www.europesays.com\/ee\/wp-json\/wp\/v2\/types\/post"}],"author":[{"embeddable":true,"href":"https:\/\/www.europesays.com\/ee\/wp-json\/wp\/v2\/users\/2"}],"replies":[{"embeddable":true,"href":"https:\/\/www.europesays.com\/ee\/wp-json\/wp\/v2\/comments?post=224033"}],"version-history":[{"count":0,"href":"https:\/\/www.europesays.com\/ee\/wp-json\/wp\/v2\/posts\/224033\/revisions"}],"wp:featuredmedia":[{"embeddable":true,"href":"https:\/\/www.europesays.com\/ee\/wp-json\/wp\/v2\/media\/224034"}],"wp:attachment":[{"href":"https:\/\/www.europesays.com\/ee\/wp-json\/wp\/v2\/media?parent=224033"}],"wp:term":[{"taxonomy":"category","embeddable":true,"href":"https:\/\/www.europesays.com\/ee\/wp-json\/wp\/v2\/categories?post=224033"},{"taxonomy":"post_tag","embeddable":true,"href":"https:\/\/www.europesays.com\/ee\/wp-json\/wp\/v2\/tags?post=224033"}],"curies":[{"name":"wp","href":"https:\/\/api.w.org\/{rel}","templated":true}]}}