{"id":224052,"date":"2026-07-09T08:08:10","date_gmt":"2026-07-09T08:08:10","guid":{"rendered":"https:\/\/www.europesays.com\/ee\/224052\/"},"modified":"2026-07-09T08:08:10","modified_gmt":"2026-07-09T08:08:10","slug":"iraani-endise-ulemjuhi-surnukeha-veeti-iraagis-soome-kaubandusgrupi-kirjadega-kulmutusautoga","status":"publish","type":"post","link":"https:\/\/www.europesays.com\/ee\/224052\/","title":{"rendered":"Iraani endise \u00fclemjuhi surnukeha veeti Iraagis Soome kaubandusgrupi kirjadega k\u00fclmutusautoga"},"content":{"rendered":"<p>K-ryhm\u00e4sse kuuluv <a rel=\"noopener nofollow\" target=\"_blank\" href=\"https:\/\/www.delfi.ee\/teema\/57255820\/kesko\" tag-id=\"57255820\">Kesko<\/a> teatas Ylele, et ei tea fotodel olevast autost midagi.<\/p>\n<p>Kesko teatel toimuvad nende veod koost\u00f6\u00f6partnerite autodega ja oma autosid neil ei ole.<\/p>\n<p>\u201eTegemist v\u00f5ib olla olukorraga, kus keegi transpordipartneritest on j\u00e4tnud eemaldamata meile viitavad kleebised, kui on tehnikat edasi m\u00fc\u00fcnud,\u201c \u00f6eldi Kesko kommunikatsiooniosakonnast Ylele.<\/p>\n<p>Kesko tuletas transpordipartneritele meelde, et nende kohus on enne autode edasim\u00fc\u00fcmist kleebiste eemaldamine.<\/p>\n<p>Kuidas see lugu Sind end tundma pani? Saada <a href=\"https:\/\/www.delfi.ee\/artikkel\/120596060\/iraani-endise-ulemjuhi-surnukeha-veeti-iraagis-soome-kaubandusgrupi-kirjadega-kulmutusautoga\/kommentaarid\" class=\"article-body-bottom__comment article-body-bottom__comment--write button button--primary button--size-auto\" rel=\"nofollow noopener\" target=\"_blank\"> Kommenteeri <\/a><a href=\"https:\/\/www.delfi.ee\/artikkel\/120596060\/iraani-endise-ulemjuhi-surnukeha-veeti-iraagis-soome-kaubandusgrupi-kirjadega-kulmutusautoga\/kommentaarid\" class=\"article-body-bottom__comment article-body-bottom__comment--read button button--size-auto\" rel=\"nofollow noopener\" target=\"_blank\"> Loe kommentaare (2)<\/a><\/p>\n","protected":false},"excerpt":{"rendered":"K-ryhm\u00e4sse kuuluv Kesko teatas Ylele, et ei tea fotodel olevast autost midagi. Kesko teatel toimuvad nende veod koost\u00f6\u00f6partnerite&hellip;\n","protected":false},"author":2,"featured_media":224053,"comment_status":"","ping_status":"","sticky":false,"template":"","format":"standard","meta":{"footnotes":"","_share_on_mastodon":"0"},"categories":[80],"tags":[37105,26,27,37,33,35,34,36,31,32,21,619,4882,1925,90938,28,29,95,19,25,23,24,22,325,20,30,92,93,94],"class_list":["post-224052","post","type-post","status-publish","format-standard","has-post-thumbnail","category-maailm","tag-ali-khamenei","tag-breaking-news","tag-breakingnews","tag-ee","tag-eesti","tag-eesti-keel","tag-estonia","tag-estonian","tag-featured-news","tag-featurednews","tag-headlines","tag-iisrael","tag-iraak","tag-iraan","tag-kesko","tag-latest-news","tag-latestnews","tag-maailm","tag-news","tag-populaarseimad-lood","tag-top-stories","tag-topstories","tag-uldised-uudised","tag-usa","tag-uudised","tag-viimased-uudised","tag-world","tag-world-news","tag-worldnews"],"share_on_mastodon":{"url":"https:\/\/pubeurope.com\/@ee\/116889000871542347","error":""},"_links":{"self":[{"href":"https:\/\/www.europesays.com\/ee\/wp-json\/wp\/v2\/posts\/224052","targetHints":{"allow":["GET"]}}],"collection":[{"href":"https:\/\/www.europesays.com\/ee\/wp-json\/wp\/v2\/posts"}],"about":[{"href":"https:\/\/www.europesays.com\/ee\/wp-json\/wp\/v2\/types\/post"}],"author":[{"embeddable":true,"href":"https:\/\/www.europesays.com\/ee\/wp-json\/wp\/v2\/users\/2"}],"replies":[{"embeddable":true,"href":"https:\/\/www.europesays.com\/ee\/wp-json\/wp\/v2\/comments?post=224052"}],"version-history":[{"count":0,"href":"https:\/\/www.europesays.com\/ee\/wp-json\/wp\/v2\/posts\/224052\/revisions"}],"wp:featuredmedia":[{"embeddable":true,"href":"https:\/\/www.europesays.com\/ee\/wp-json\/wp\/v2\/media\/224053"}],"wp:attachment":[{"href":"https:\/\/www.europesays.com\/ee\/wp-json\/wp\/v2\/media?parent=224052"}],"wp:term":[{"taxonomy":"category","embeddable":true,"href":"https:\/\/www.europesays.com\/ee\/wp-json\/wp\/v2\/categories?post=224052"},{"taxonomy":"post_tag","embeddable":true,"href":"https:\/\/www.europesays.com\/ee\/wp-json\/wp\/v2\/tags?post=224052"}],"curies":[{"name":"wp","href":"https:\/\/api.w.org\/{rel}","templated":true}]}}