{"id":224054,"date":"2026-07-09T08:09:20","date_gmt":"2026-07-09T08:09:20","guid":{"rendered":"https:\/\/www.europesays.com\/ee\/224054\/"},"modified":"2026-07-09T08:09:20","modified_gmt":"2026-07-09T08:09:20","slug":"tallinn-tahab-linnahalli-jaoks-saada-raha-euroopast-ja-otsib-samal-ajal-investoreid-eesti","status":"publish","type":"post","link":"https:\/\/www.europesays.com\/ee\/224054\/","title":{"rendered":"Tallinn tahab linnahalli jaoks saada raha Euroopast ja otsib samal ajal investoreid | Eesti"},"content":{"rendered":"<p>Tallinn soovib linnahalli renoveerimise jaoks saada raha Euroopa Liidu struktuurifondidest ning samal ajal otsitakse t\u00f5endatud huviga investoreid, \u00fctles ERR-ile Tallinna linnapea Peeter Raudsepp (Isamaa), kelle s\u00f5nul tuleb otsuseid linnahalli tuleviku kohta teha s\u00fcgisel.<\/p>\n<p>Kui <a href=\"https:\/\/www.err.ee\/1609970939\/raudsepp-peame-tallinna-linnahalli-lammutama\" target=\"_blank\" rel=\"noopener nofollow\">Raudsepp \u00fctles kevadel ERR-ile<\/a>, et tuleb arutada plaani linnahall lammutada ja ehitada selle asemel t\u00f5eline maam\u00e4rk, siis n\u00fc\u00fcd \u00fctles ta, et lammutamisest pole ta r\u00e4\u00e4kinud selles m\u00f5ttes, et see oleks otsustatud.<\/p>\n<p>&#8220;Kui ma olen \u00f6elnud, et me v\u00f5ime kunagi selleni j\u00f5uda, siis olen alati kinnitanud, et see on aus ja otsekohene vaade, et see v\u00f5ib olla kunagi paratamatus. On ju aastak\u00fcmnete jooksul \u00fcritatud linnahallile rakendust leida, aga see ei ole erinevatel p\u00f5hjustel \u00f5nnestunud. Ja minu arvates on vajalik v\u00e4lja tulla nostalgitsemisest ja ka soovm\u00f5tetes elamisest, l\u00e4htuda reaalsusest ja endale selgelt aru anda, et kui ei \u00f5nnestu linnahallile rakendust leida, kui ei \u00f5nnestu investorit leida, siis reaalsus v\u00f5ib olla, et see tulevikus tulebki lammutada,&#8221; lausus Raudsepp.<\/p>\n<p>Linna strateegiakeskus on saanud linnavalitsuselt \u00fclesande valmistada ette linnahalli arendamise kontseptsioon ning selgitada v\u00e4lja linnahalli tulevase opereerimise vastu t\u00f5endatud huvi v\u00e4ljendavad operaatorid, \u00fctles linnapea. Lisaks peab strateegiakeskus koostama rahastamisplaani ning andma detailse \u00fclevaate linnahalli renoveerimise maksumuse variantidest.<\/p>\n<p>Strateegiakeskus sai selleks k\u00f5igeks aega s\u00fcgiseni. Siis tuleb teha otsuseid, \u00fctles Raudsepp.<\/p>\n<p><img decoding=\"async\" data-photo-id=\"3126601\" src=\"https:\/\/www.europesays.com\/ee\/wp-content\/uploads\/2026\/07\/3126601h02dbt24.jpg\"\/>Linnahall 2025. aastal Autor\/allikas: Ken M\u00fcrk\/ERR<\/p>\n<p>Rahastusplaani fookus on Euroopa Liidu struktuurifondide 2028\u20132034 vahendite kasutamisel, et oleks eeldused sealt raha linnahalli jaoks saada, m\u00e4rkis linnapea.<\/p>\n<p>&#8220;Linnahall oma investeerimisvajaduse poolest on nii suur objekt, et selge on, et Tallinna linnale \u00fcksi k\u00e4ib see \u00fcle j\u00f5u. Seet\u00f5ttu on m\u00f5eldud sinna kaasata ka erainvestorid ja Euroopa Liidu struktuurifondide vahendeid. Kui v\u00e4ike see investeerimisvajadus ka ei oleks, vastab see v\u00e4hemalt umbes \u00fche aasta Tallinna linna investeeringute eelarvele,&#8221; lausus Raudsepp, kelle s\u00f5nul t\u00e4hendab see summat 150 ja 200 miljoni euro vahel.<\/p>\n<p>Investorite otsimise puhul t\u00e4hendab t\u00f5endatud huvi seda, et huvi peab olema konkreetne ning \u00fchised kavatsused saab kirja panna protokolli, \u00fctles Raudsepp. &#8220;Seda see t\u00f5endatus t\u00e4hendabki ja ilma selleta me kuidagi ei saa,&#8221; m\u00e4rkis ta.<\/p>\n<p>Linnavalitsus teeb linnahalli kohta l\u00f5pliku otsuse peale seda, kui kogu see protsess on l\u00e4bi k\u00e4idud ning linn oma hoolsuskohustuse t\u00e4itnud, lausus Raudsepp.<\/p>\n<p>&#8220;Me ei luba linnavalitsuse poolt teha vahepealsel ajal mingisuguseid p\u00f5hjendamatuid kulutusi linnahallile, kui ei ole selge selle tulevikuvisioon v\u00f5i mis sellest tulevikust saab. Praegu teeme seda, mida teha saab ehk saab kontseptsioon rajatud. Loome v\u00f5imaluse, et saaks kaasata ka investoreid ja Euroopa Liidu vahendeid,&#8221; \u00fctles ta.<\/p>\n<p>&#8220;Kui see k\u00f5ik ei \u00f5nnestu, noh, siis ei ole midagi parata. Siis on t\u00f5ehetk, et tuleb hakata j\u00e4rgmisi otsuseid langetama. On ilmselge, et tegelikult on nii kontserdisaale kui ka konverentsikeskust Tallinna linnale v\u00e4ga vaja. Linnahall v\u00f5ib olla vahend nende vajaduste t\u00e4itmiseks, aga see ei saa olla eraldiseisev eesm\u00e4rk. Eesm\u00e4rk ei ole iga hinna eest, kas v\u00f5i valge t\u0161ekiga, olgu kulud kui suured tahes ja tasuvus kui tahes v\u00e4ike, linnahall korda teha. Niisugust \u00fclesannet v\u00f5tta ei saa,&#8221; lausus Raudsepp.<\/p>\n<p><img decoding=\"async\" data-photo-id=\"3126523\" src=\"https:\/\/www.europesays.com\/ee\/wp-content\/uploads\/2026\/07\/3126523h335dt24.jpg\"\/>Linnahall 2025. aastal Autor\/allikas: Ken M\u00fcrk\/ERR<\/p>\n","protected":false},"excerpt":{"rendered":"Tallinn soovib linnahalli renoveerimise jaoks saada raha Euroopa Liidu struktuurifondidest ning samal ajal otsitakse t\u00f5endatud huviga investoreid, \u00fctles&hellip;\n","protected":false},"author":2,"featured_media":224055,"comment_status":"","ping_status":"","sticky":false,"template":"","format":"standard","meta":{"footnotes":"","_share_on_mastodon":"0"},"categories":[12],"tags":[26,27,37,33,35,34,36,31,32,21,28,29,7827,19,4130,25,2130,23,24,22,20,30],"class_list":["post-224054","post","type-post","status-publish","format-standard","has-post-thumbnail","category-eesti","tag-breaking-news","tag-breakingnews","tag-ee","tag-eesti","tag-eesti-keel","tag-estonia","tag-estonian","tag-featured-news","tag-featurednews","tag-headlines","tag-latest-news","tag-latestnews","tag-linnahall","tag-news","tag-peeter-raudsepp","tag-populaarseimad-lood","tag-tallinn","tag-top-stories","tag-topstories","tag-uldised-uudised","tag-uudised","tag-viimased-uudised"],"share_on_mastodon":{"url":"https:\/\/pubeurope.com\/@ee\/116889004862611527","error":""},"_links":{"self":[{"href":"https:\/\/www.europesays.com\/ee\/wp-json\/wp\/v2\/posts\/224054","targetHints":{"allow":["GET"]}}],"collection":[{"href":"https:\/\/www.europesays.com\/ee\/wp-json\/wp\/v2\/posts"}],"about":[{"href":"https:\/\/www.europesays.com\/ee\/wp-json\/wp\/v2\/types\/post"}],"author":[{"embeddable":true,"href":"https:\/\/www.europesays.com\/ee\/wp-json\/wp\/v2\/users\/2"}],"replies":[{"embeddable":true,"href":"https:\/\/www.europesays.com\/ee\/wp-json\/wp\/v2\/comments?post=224054"}],"version-history":[{"count":0,"href":"https:\/\/www.europesays.com\/ee\/wp-json\/wp\/v2\/posts\/224054\/revisions"}],"wp:featuredmedia":[{"embeddable":true,"href":"https:\/\/www.europesays.com\/ee\/wp-json\/wp\/v2\/media\/224055"}],"wp:attachment":[{"href":"https:\/\/www.europesays.com\/ee\/wp-json\/wp\/v2\/media?parent=224054"}],"wp:term":[{"taxonomy":"category","embeddable":true,"href":"https:\/\/www.europesays.com\/ee\/wp-json\/wp\/v2\/categories?post=224054"},{"taxonomy":"post_tag","embeddable":true,"href":"https:\/\/www.europesays.com\/ee\/wp-json\/wp\/v2\/tags?post=224054"}],"curies":[{"name":"wp","href":"https:\/\/api.w.org\/{rel}","templated":true}]}}