{"id":224112,"date":"2026-07-09T09:25:10","date_gmt":"2026-07-09T09:25:10","guid":{"rendered":"https:\/\/www.europesays.com\/ee\/224112\/"},"modified":"2026-07-09T09:25:10","modified_gmt":"2026-07-09T09:25:10","slug":"kaks-noort-saarlast-toovad-suvel-lugejateni-varskeid-lugusid","status":"publish","type":"post","link":"https:\/\/www.europesays.com\/ee\/224112\/","title":{"rendered":"Kaks noort saarlast toovad suvel lugejateni v\u00e4rskeid lugusid"},"content":{"rendered":"<p class=\"MsoNormal\">Saarte H\u00e4\u00e4le toimetus on ka t\u00e4navu suvel saanud v\u00e4rsket energiat kahe noore suvereporteri n\u00e4ol. Doris Oriehovs ja Melani Veelaid on m\u00f5lemad saarlased, kuid nende teekond ajakirjanduseni on olnud \u00fcsna erinev. \u00dche t\u00f5i suveks koju tagasi igatsus Saaremaa j\u00e4rele p\u00e4rast poolt aastat Portugalis, teine avastas eelmisel suvel praktikandina, et just ajakirjandus on see, millega ta tahab oma tuleviku siduda.<\/p>\n<p>M\u00f5lemad on n\u00fc\u00fcd juba m\u00f5ned p\u00e4evad meil Saarte H\u00e4\u00e4le toimetuses tegutsenud ning toonud lugejateni oma esimesed lood. Kes nad on ja kuidas nad siia j\u00f5udsid?<\/p>\n","protected":false},"excerpt":{"rendered":"Saarte H\u00e4\u00e4le toimetus on ka t\u00e4navu suvel saanud v\u00e4rsket energiat kahe noore suvereporteri n\u00e4ol. Doris Oriehovs ja Melani&hellip;\n","protected":false},"author":2,"featured_media":224113,"comment_status":"","ping_status":"","sticky":false,"template":"","format":"standard","meta":{"footnotes":"","_share_on_mastodon":"0"},"categories":[80],"tags":[622,11673,26,27,90953,37,33,35,34,36,31,32,21,456,28,29,95,90954,19,90955,25,2729,35335,948,10798,4581,407,2424,23,24,22,20,30,92,93,94],"class_list":["post-224112","post","type-post","status-publish","format-standard","has-post-thumbnail","category-maailm","tag-ajakirjandus","tag-bfm","tag-breaking-news","tag-breakingnews","tag-doris-oriehovs","tag-ee","tag-eesti","tag-eesti-keel","tag-estonia","tag-estonian","tag-featured-news","tag-featurednews","tag-headlines","tag-kuressaare","tag-latest-news","tag-latestnews","tag-maailm","tag-melani-veelaid","tag-news","tag-pedagoogika","tag-populaarseimad-lood","tag-portugal","tag-praktika","tag-saaremaa","tag-saarlane","tag-saarte-haal","tag-tallinna-ulikool","tag-tartu-ulikool","tag-top-stories","tag-topstories","tag-uldised-uudised","tag-uudised","tag-viimased-uudised","tag-world","tag-world-news","tag-worldnews"],"share_on_mastodon":{"url":"","error":"Validation failed: Text character limit of 500 exceeded"},"_links":{"self":[{"href":"https:\/\/www.europesays.com\/ee\/wp-json\/wp\/v2\/posts\/224112","targetHints":{"allow":["GET"]}}],"collection":[{"href":"https:\/\/www.europesays.com\/ee\/wp-json\/wp\/v2\/posts"}],"about":[{"href":"https:\/\/www.europesays.com\/ee\/wp-json\/wp\/v2\/types\/post"}],"author":[{"embeddable":true,"href":"https:\/\/www.europesays.com\/ee\/wp-json\/wp\/v2\/users\/2"}],"replies":[{"embeddable":true,"href":"https:\/\/www.europesays.com\/ee\/wp-json\/wp\/v2\/comments?post=224112"}],"version-history":[{"count":0,"href":"https:\/\/www.europesays.com\/ee\/wp-json\/wp\/v2\/posts\/224112\/revisions"}],"wp:featuredmedia":[{"embeddable":true,"href":"https:\/\/www.europesays.com\/ee\/wp-json\/wp\/v2\/media\/224113"}],"wp:attachment":[{"href":"https:\/\/www.europesays.com\/ee\/wp-json\/wp\/v2\/media?parent=224112"}],"wp:term":[{"taxonomy":"category","embeddable":true,"href":"https:\/\/www.europesays.com\/ee\/wp-json\/wp\/v2\/categories?post=224112"},{"taxonomy":"post_tag","embeddable":true,"href":"https:\/\/www.europesays.com\/ee\/wp-json\/wp\/v2\/tags?post=224112"}],"curies":[{"name":"wp","href":"https:\/\/api.w.org\/{rel}","templated":true}]}}