{"id":224154,"date":"2026-07-09T10:10:25","date_gmt":"2026-07-09T10:10:25","guid":{"rendered":"https:\/\/www.europesays.com\/ee\/224154\/"},"modified":"2026-07-09T10:10:25","modified_gmt":"2026-07-09T10:10:25","slug":"pevkur-uus-usa-vaeuksus-jouab-eestisse-suve-jooksul","status":"publish","type":"post","link":"https:\/\/www.europesays.com\/ee\/224154\/","title":{"rendered":"Pevkur: uus USA v\u00e4e\u00fcksus j\u00f5uab Eestisse suve jooksul"},"content":{"rendered":"<p><a rel=\"noopener nofollow\" target=\"_blank\" href=\"https:\/\/www.delfi.ee\/teema\/57255938\/ankara\" tag-id=\"57255938\">Ankaras<\/a> NATO tippkohtumisel osalenud <a rel=\"noopener nofollow\" target=\"_blank\" href=\"https:\/\/www.delfi.ee\/teema\/58859366\/kaitseminister\" tag-id=\"58859366\">kaitseminister<\/a> <a rel=\"noopener nofollow\" target=\"_blank\" href=\"https:\/\/www.delfi.ee\/teema\/56497486\/hanno-pevkur\" tag-id=\"56497486\">Hanno Pevkur<\/a> \u00fctles p\u00e4rast kohtumist Euroopa liitlasv\u00e4gede k\u00f5rgeima \u00fclemjuhataja (SACEUR) Alexus G. Grynkewichi ja USA kaitseministri <a rel=\"noopener nofollow\" target=\"_blank\" href=\"https:\/\/www.delfi.ee\/teema\/96865140\/pete-hegseth\" tag-id=\"96865140\">Pete Hegsethiga<\/a> <a rel=\"noopener follow nofollow\" target=\"_blank\" href=\"https:\/\/www.err.ee\/1610072989\/pevkur-uus-usa-uksus-jouab-eestisse-suve-jooksul\" data-rel-date-range=\"[]\">ERR-ile<\/a>, et USA v\u00e4gede rotatsiooniline kohalolek j\u00e4tkub ja uus saabuv vahetus j\u00f5uab Eestisse suve jooksul.<\/p>\n<p>\u201eUSA rotatsiooniline kohalolu Eestis j\u00e4tkub. Uus rotatsioon tuleb juba suve jooksul. Ja see, mis puudutab pikemat vaadet, pannakse paika p\u00e4rast kuuekuulist revisjoni,\u201c \u00fctles Pevkur ERR-ile.<\/p>\n<p>Pete Hegsethiga r\u00e4\u00e4kinud Pevkur avaldas lootust Hegsethiga s\u00fcgisel veel kahepoolselt kohtuda. \u201eKas see \u00f5nnestub, s\u00f5ltub eelk\u00f5ige tema kalendrist ja loomulikult USA-s on vahevalimised, aga v\u00e4hemalt indikatsioon m\u00f5lemalt poolt oli, et prooviks leida sellise kahepoolse kohtumise, et me saaksime siis detailsemalt \u00fcle k\u00e4ia nii ohuhinnangu kui ka Eesti detailsema plaani,\u201c s\u00f5nas Pevkur rahvusringh\u00e4\u00e4lingule.<\/p>\n<p>Pevkur ei osanud veel \u00f6elda, kuidas USA kohalolek p\u00e4rast kuuekuulist v\u00e4gede revisjoni j\u00e4tkub. \u201eKui see poliitiline otsus on tehtud, siis kas see realiseerub n\u00fc\u00fcd \u00fche kuu jooksul kohe ka tegevustesse, nende \u00fcksuste liigutamiseni, eks seda peab n\u00e4itama aeg. Loomulikult meie huvides on see, et \u00fchtegi auku ameeriklaste kohalolekusse Eestisse sisse ei j\u00e4\u00e4ks,\u201c s\u00f5nas ta.<\/p>\n<p>Delfi uuris kaitseministeeriumilt uue USA v\u00e4e\u00fcksuse suuruse kohta, kuid praegu ministeeriumil midagi t\u00e4iendavat kommenteerida ei olnud.<\/p>\n<p>Kuidas see lugu Sind end tundma pani? Saada <a href=\"https:\/\/www.delfi.ee\/artikkel\/120596081\/pevkur-uus-usa-vaeuksus-jouab-eestisse-suve-jooksul\/kommentaarid\" class=\"article-body-bottom__comment article-body-bottom__comment--write button button--primary button--size-auto\" rel=\"nofollow noopener\" target=\"_blank\"> Kommenteeri <\/a><a href=\"https:\/\/www.delfi.ee\/artikkel\/120596081\/pevkur-uus-usa-vaeuksus-jouab-eestisse-suve-jooksul\/kommentaarid\" class=\"article-body-bottom__comment article-body-bottom__comment--read button button--size-auto\" rel=\"nofollow noopener\" target=\"_blank\"> Loe kommentaare (53)<\/a><\/p>\n","protected":false},"excerpt":{"rendered":"Ankaras NATO tippkohtumisel osalenud kaitseminister Hanno Pevkur \u00fctles p\u00e4rast kohtumist Euroopa liitlasv\u00e4gede k\u00f5rgeima \u00fclemjuhataja (SACEUR) Alexus G. Grynkewichi&hellip;\n","protected":false},"author":2,"featured_media":224155,"comment_status":"","ping_status":"","sticky":false,"template":"","format":"standard","meta":{"footnotes":"","_share_on_mastodon":"0"},"categories":[12],"tags":[7529,26,27,37,33,35,34,36,31,32,492,21,3613,28,29,19,1205,25,23,24,22,20,30],"class_list":["post-224154","post","type-post","status-publish","format-standard","has-post-thumbnail","category-eesti","tag-ankara","tag-breaking-news","tag-breakingnews","tag-ee","tag-eesti","tag-eesti-keel","tag-estonia","tag-estonian","tag-featured-news","tag-featurednews","tag-hanno-pevkur","tag-headlines","tag-kaitseminister","tag-latest-news","tag-latestnews","tag-news","tag-pete-hegseth","tag-populaarseimad-lood","tag-top-stories","tag-topstories","tag-uldised-uudised","tag-uudised","tag-viimased-uudised"],"share_on_mastodon":{"url":"https:\/\/pubeurope.com\/@ee\/116889480473982240","error":""},"_links":{"self":[{"href":"https:\/\/www.europesays.com\/ee\/wp-json\/wp\/v2\/posts\/224154","targetHints":{"allow":["GET"]}}],"collection":[{"href":"https:\/\/www.europesays.com\/ee\/wp-json\/wp\/v2\/posts"}],"about":[{"href":"https:\/\/www.europesays.com\/ee\/wp-json\/wp\/v2\/types\/post"}],"author":[{"embeddable":true,"href":"https:\/\/www.europesays.com\/ee\/wp-json\/wp\/v2\/users\/2"}],"replies":[{"embeddable":true,"href":"https:\/\/www.europesays.com\/ee\/wp-json\/wp\/v2\/comments?post=224154"}],"version-history":[{"count":0,"href":"https:\/\/www.europesays.com\/ee\/wp-json\/wp\/v2\/posts\/224154\/revisions"}],"wp:featuredmedia":[{"embeddable":true,"href":"https:\/\/www.europesays.com\/ee\/wp-json\/wp\/v2\/media\/224155"}],"wp:attachment":[{"href":"https:\/\/www.europesays.com\/ee\/wp-json\/wp\/v2\/media?parent=224154"}],"wp:term":[{"taxonomy":"category","embeddable":true,"href":"https:\/\/www.europesays.com\/ee\/wp-json\/wp\/v2\/categories?post=224154"},{"taxonomy":"post_tag","embeddable":true,"href":"https:\/\/www.europesays.com\/ee\/wp-json\/wp\/v2\/tags?post=224154"}],"curies":[{"name":"wp","href":"https:\/\/api.w.org\/{rel}","templated":true}]}}