{"id":224396,"date":"2026-07-09T14:47:17","date_gmt":"2026-07-09T14:47:17","guid":{"rendered":"https:\/\/www.europesays.com\/ee\/224396\/"},"modified":"2026-07-09T14:47:17","modified_gmt":"2026-07-09T14:47:17","slug":"valitsus-toetab-ukraina-sojapogenike-ajutise-kaitse-pikendamist-eesti","status":"publish","type":"post","link":"https:\/\/www.europesays.com\/ee\/224396\/","title":{"rendered":"Valitsus toetab Ukraina s\u00f5jap\u00f5genike ajutise kaitse pikendamist | Eesti"},"content":{"rendered":"<p>Valitsus kiitis t\u00e4na heaks Eesti seisukohad Euroopa Liidu N\u00f5ukogu rakendusotsuse eeln\u00f5u kohta, millega pikendatakse Ukraina s\u00f5jap\u00f5genike ajutist kaitset 2028. aastani.<\/p>\n<p>Siseminister Igor Taro (Eesti 200) s\u00f5nul toetab Eesti j\u00e4tkuvalt Venemaa agressiooni ohvriks langenud Ukrainat ja tema inimesi ning Euroopa Liidu \u00fchtset l\u00e4henemist nende abistamisel.<\/p>\n<p>&#8220;Paljudel Ukraina s\u00f5jap\u00f5genikel pole v\u00f5imalik koju naasta, sest Venemaa on okupeerinud osa nende kodumaast, j\u00e4tkab r\u00fcnnakuid Ukraina linnade ja tsiviiltaristu vastu. Ajutise kaitse pikendamine annab s\u00f5ja eest p\u00f5genenud inimestele kindluse, et nad saavad oma elu turvaliselt korraldada seni, kuni Ukrainasse on j\u00e4lle v\u00f5imalik s\u00f5jaohtu kartmata tagasi p\u00f6\u00f6rduda,&#8221; \u00fctles Taro.\u00a0<\/p>\n<p>Euroopa Komisjoni ettepaneku kohaselt pikendatakse ajutise kaitse kohaldamist kuni 4. m\u00e4rtsini 2028. Samas sisaldab ettepanek ka muudatust, mis puudutab tulevasi ajutise kaitse taotlejaid. Selle kohaselt ei anta edaspidi ajutist kaitset Ukraina kodanikele, kellel ei ole s\u00f5jav\u00e4ekohustuse t\u00f5ttu seaduslikku \u00f5igust Ukrainast lahkuda.<\/p>\n<p>Muudatus ei m\u00f5juta inimesi, kes on juba saanud ajutise kaitse Euroopa Liidus \u2013 nende kaitse j\u00e4tkub senistel tingimustel. Ajutine kaitse annab Ukrainast p\u00f5genenud inimestele \u00f5iguse elada Euroopa Liidus, t\u00f6\u00f6tada, \u00f5ppida ning saada vajalikke sotsiaal- ja tervishoiuteenuseid.\u00a0<\/p>\n<p>Taro lisas, et Eesti peab oluliseks, et ajutise kaitse kohaldamine Euroopa Liidus toimuks j\u00e4tkuvalt \u00fchtsetel alustel, kuid m\u00f6\u00f6nis, et samal ajal tuleb liikmesriikidel valmistuda ka ajutise kaitse koordineeritud l\u00f5petamiseks, et t\u00f6\u00f6tada v\u00e4lja lahendused, mis v\u00f5imaldavad s\u00f5jap\u00f5genikel vajaduse korral minna \u00fcle teistele seaduslikele viibimisalustele v\u00f5i naasta Ukrainasse siis, kui olukord seda v\u00f5imaldab.\u00a0<\/p>\n<p>&#8220;Aga t\u00f5sisemalt saab sellest r\u00e4\u00e4kida siis, kui s\u00f5da Ukrainas on l\u00f5ppenud. Kahjuks \u2013 nagu me k\u00f5ik teame \u2013 ei ole praegu v\u00f5imalik ennustada, millal see v\u00f5iks juhtuda,&#8221; t\u00f5des Taro.\u00a0<\/p>\n<p>Praegu saab Euroopa Liidus ajutist kaitset ligikaudu 4,4 miljonit Ukrainast p\u00f5genenud inimest.\u00a0<\/p>\n","protected":false},"excerpt":{"rendered":"Valitsus kiitis t\u00e4na heaks Eesti seisukohad Euroopa Liidu N\u00f5ukogu rakendusotsuse eeln\u00f5u kohta, millega pikendatakse Ukraina s\u00f5jap\u00f5genike ajutist kaitset&hellip;\n","protected":false},"author":2,"featured_media":224397,"comment_status":"","ping_status":"","sticky":false,"template":"","format":"standard","meta":{"footnotes":"","_share_on_mastodon":"0"},"categories":[5],"tags":[26,27,37,33,35,34,36,31,32,21,614,28,29,19,25,23,24,91044,91045,22,20,30],"class_list":["post-224396","post","type-post","status-publish","format-standard","has-post-thumbnail","category-uldised-uudised","tag-breaking-news","tag-breakingnews","tag-ee","tag-eesti","tag-eesti-keel","tag-estonia","tag-estonian","tag-featured-news","tag-featurednews","tag-headlines","tag-igor-taro","tag-latest-news","tag-latestnews","tag-news","tag-populaarseimad-lood","tag-top-stories","tag-topstories","tag-ukraina-pogenikud","tag-ukraina-sojapogenike-ajutine-kaitse","tag-uldised-uudised","tag-uudised","tag-viimased-uudised"],"share_on_mastodon":{"url":"https:\/\/pubeurope.com\/@ee\/116890569619874575","error":""},"_links":{"self":[{"href":"https:\/\/www.europesays.com\/ee\/wp-json\/wp\/v2\/posts\/224396","targetHints":{"allow":["GET"]}}],"collection":[{"href":"https:\/\/www.europesays.com\/ee\/wp-json\/wp\/v2\/posts"}],"about":[{"href":"https:\/\/www.europesays.com\/ee\/wp-json\/wp\/v2\/types\/post"}],"author":[{"embeddable":true,"href":"https:\/\/www.europesays.com\/ee\/wp-json\/wp\/v2\/users\/2"}],"replies":[{"embeddable":true,"href":"https:\/\/www.europesays.com\/ee\/wp-json\/wp\/v2\/comments?post=224396"}],"version-history":[{"count":0,"href":"https:\/\/www.europesays.com\/ee\/wp-json\/wp\/v2\/posts\/224396\/revisions"}],"wp:featuredmedia":[{"embeddable":true,"href":"https:\/\/www.europesays.com\/ee\/wp-json\/wp\/v2\/media\/224397"}],"wp:attachment":[{"href":"https:\/\/www.europesays.com\/ee\/wp-json\/wp\/v2\/media?parent=224396"}],"wp:term":[{"taxonomy":"category","embeddable":true,"href":"https:\/\/www.europesays.com\/ee\/wp-json\/wp\/v2\/categories?post=224396"},{"taxonomy":"post_tag","embeddable":true,"href":"https:\/\/www.europesays.com\/ee\/wp-json\/wp\/v2\/tags?post=224396"}],"curies":[{"name":"wp","href":"https:\/\/api.w.org\/{rel}","templated":true}]}}