{"id":224596,"date":"2026-07-09T20:48:11","date_gmt":"2026-07-09T20:48:11","guid":{"rendered":"https:\/\/www.europesays.com\/ee\/224596\/"},"modified":"2026-07-09T20:48:11","modified_gmt":"2026-07-09T20:48:11","slug":"tennise-eesti-meistrivoistlustel-said-paika-finalistid-tennis","status":"publish","type":"post","link":"https:\/\/www.europesays.com\/ee\/224596\/","title":{"rendered":"Tennise Eesti meistriv\u00f5istlustel said paika finalistid | Tennis"},"content":{"rendered":"<p>Tallinnas toimuvatel tennise Eesti meistriv\u00f5istlustel selgusid neljap\u00e4eval nii nais- kui ka mees\u00fcksikm\u00e4ngu finalistid.<\/p>\n<p>Naiste seas j\u00f5udis oodatult esikohamat\u0161ile k\u00f5rgeimalt paigutatud Elena Mal\u00f5gina, kes sai poolfinaalis jagu turniirile erikutsega p\u00e4\u00e4senud Kiira Pa\u0161kovist 6:0, 6:4.<\/p>\n<p>Teise asetusega Andrea Roots pidi aga poolfinaali pooleli j\u00e4tma. Vigastusega m\u00e4nginud Roots j\u00e4i Nora Olivia Adamsoni vastu taha 1:5, misj\u00e4rel otsustas edasisest loobuda.<\/p>\n<p>Mees\u00fcksikm\u00e4ngu poolfinaalid kujunesid palju tasav\u00e4gisemateks, sest m\u00f5lemas kohtumises l\u00e4ks tarvis kolme setti. Edasi said esimese asetusega Markus M\u00f6lder ja kolmanda paigutusega Oliver Ojak\u00e4\u00e4r.<\/p>\n<p>M\u00f6lder oli parem Denis Maijorovist 6:2, 1:6, 6:2 ja Ojak\u00e4\u00e4r alistas teise asetusega Kristjan Tamme 6:7, 7:6, 6:3.<\/p>\n<p>Lisaks \u00fcksikm\u00e4ngudele selguvad reedel ka Eesti meistrid nais- ja meespaarism\u00e4ngus ning segapaarism\u00e4ngus.<\/p>\n","protected":false},"excerpt":{"rendered":"Tallinnas toimuvatel tennise Eesti meistriv\u00f5istlustel selgusid neljap\u00e4eval nii nais- kui ka mees\u00fcksikm\u00e4ngu finalistid. Naiste seas j\u00f5udis oodatult esikohamat\u0161ile&hellip;\n","protected":false},"author":2,"featured_media":224597,"comment_status":"","ping_status":"","sticky":false,"template":"","format":"standard","meta":{"footnotes":"","_share_on_mastodon":"0"},"categories":[18],"tags":[14732,37,33,35,555,34,36,6878,23801,22752,159,158,91090],"class_list":["post-224596","post","type-post","status-publish","format-standard","has-post-thumbnail","category-sport","tag-andrea-roots","tag-ee","tag-eesti","tag-eesti-keel","tag-elena-malogina","tag-estonia","tag-estonian","tag-markus-molder","tag-nora-olivia-adamson","tag-oliver-ojakaar","tag-sport","tag-sports","tag-tennise-eesti-meistrivoistlused"],"share_on_mastodon":{"url":"https:\/\/pubeurope.com\/@ee\/116891989170254171","error":""},"_links":{"self":[{"href":"https:\/\/www.europesays.com\/ee\/wp-json\/wp\/v2\/posts\/224596","targetHints":{"allow":["GET"]}}],"collection":[{"href":"https:\/\/www.europesays.com\/ee\/wp-json\/wp\/v2\/posts"}],"about":[{"href":"https:\/\/www.europesays.com\/ee\/wp-json\/wp\/v2\/types\/post"}],"author":[{"embeddable":true,"href":"https:\/\/www.europesays.com\/ee\/wp-json\/wp\/v2\/users\/2"}],"replies":[{"embeddable":true,"href":"https:\/\/www.europesays.com\/ee\/wp-json\/wp\/v2\/comments?post=224596"}],"version-history":[{"count":0,"href":"https:\/\/www.europesays.com\/ee\/wp-json\/wp\/v2\/posts\/224596\/revisions"}],"wp:featuredmedia":[{"embeddable":true,"href":"https:\/\/www.europesays.com\/ee\/wp-json\/wp\/v2\/media\/224597"}],"wp:attachment":[{"href":"https:\/\/www.europesays.com\/ee\/wp-json\/wp\/v2\/media?parent=224596"}],"wp:term":[{"taxonomy":"category","embeddable":true,"href":"https:\/\/www.europesays.com\/ee\/wp-json\/wp\/v2\/categories?post=224596"},{"taxonomy":"post_tag","embeddable":true,"href":"https:\/\/www.europesays.com\/ee\/wp-json\/wp\/v2\/tags?post=224596"}],"curies":[{"name":"wp","href":"https:\/\/api.w.org\/{rel}","templated":true}]}}