{"id":224610,"date":"2026-07-09T21:23:09","date_gmt":"2026-07-09T21:23:09","guid":{"rendered":"https:\/\/www.europesays.com\/ee\/224610\/"},"modified":"2026-07-09T21:23:09","modified_gmt":"2026-07-09T21:23:09","slug":"erdogani-revolvrid-trumpi-libastumised-ja-macroni-ebadiskreetsus-nato-kohtumine-oli-tais-veidraid-momente-delfi","status":"publish","type":"post","link":"https:\/\/www.europesays.com\/ee\/224610\/","title":{"rendered":"Erdo\u011fani revolvrid, Trumpi libastumised ja Macroni ebadiskreetsus. NATO kohtumine oli t\u00e4is veidraid momente &#8211; Delfi"},"content":{"rendered":"<ol>\n<li><a href=\"https:\/\/news.google.com\/rss\/articles\/CBMi3gFBVV95cUxQSUhra3Y0TGtKRnM4WDZYbzZyVjJsVl9jb2U1QjRaNE5lWm9xdTltd2ZKMkkxeHhwQ0pta3NLVTQybS1zLVNadkIxUXpJZG5XdUJxV0VINzdOenpMQklpdWtQX2tMeTdGSWprSTBZTWFyTGJnTk00OUVHZFJpd1RvdTlWMmRmN2l3SmdzSzZ3SndUOW5EXzMxcDdGTmtUXzZMY19Ld0dOSi15Vmlpd0tVZElqN2JWYjd5VmhKMXVCRWNCWFpreDFvR0kwZDk4TEY3M1dfNWFuaTlpRnRqZ3c?oc=5\" target=\"_blank\" rel=\"nofollow noopener\">Erdo\u011fani revolvrid, Trumpi libastumised ja Macroni ebadiskreetsus. NATO kohtumine oli t\u00e4is veidraid momente<\/a>&nbsp;&nbsp;Delfi<\/li>\n<li><a href=\"https:\/\/news.google.com\/rss\/articles\/CBMipwFBVV95cUxQWC1ncG5JMTk3NTBCbDhxeWdVMks2NzlYcTBLaFJWaDhkX2JJX05hUU9WUFJpOUNPenZCT2FRVWtkdHl4ckdwbFRKNUlzLTJTR0Z1UGtud1dvM1dEdTNZZVFtRGhuZWM5UWc0RWNuYWNrZDhwWFBmblVoWGhmSUplbnlXc1JoMWxBZjRtZks4NXRZVVRLVUFYbFI3LUFlQ0U2MTRXdV8wQQ?oc=5\" target=\"_blank\" rel=\"nofollow noopener\">TIPPKOHTUMISE J\u00c4REL \u27e9 Ankara tulemus: \u00abPaistab, et \u00f5nnestus eluga p\u00e4\u00e4seda\u00bb<\/a>&nbsp;&nbsp;Maailm &#8211; Postimees.ee<\/li>\n<li><a href=\"https:\/\/news.google.com\/rss\/articles\/CBMi9wFBVV95cUxPaXpkWU50ZUxYbE9UNlhYUmFhajg4djNhcERheVYwa1Jvay1qNTkyd2lvV1hvSkk4VjJQZzVWckIxbUY3STJabUJ1SVlMWk5wSlB4VHJwampTb1ZlWlRJREs0QzBZODJEcWhiNHNMVG5PQVlaQ0lVS1d2akEydnVMb2w1YzE2VHZtZjVvNXhfZ2pCSFdkbllfcHk5WU93NVgyTFVCY0VtZVNoRWY4dTdWeEFXNjFwQ0FNNmxVYlhwaUxkWWxpeERyQmpBNURrbnJvbnE2ZU45bkJWNDVwQXJhaVhueG9JTEcwUFhrVW0wLWp0TTg4bFhJ?oc=5\" target=\"_blank\" rel=\"nofollow noopener\">EL sel n\u00e4dalal: NATO tippkohtumine ning k\u00fcberjulgeoleku ja tehisaru tegevuskava<\/a>&nbsp;&nbsp;Euroopa Komisjoni esindus Eestis<\/li>\n<li><a href=\"https:\/\/news.google.com\/rss\/articles\/CBMiwwFBVV95cUxQeXRaNlN5bEdEVjdtcHVIRkVsenV4YVhuWVRLTzJZbFRjU0kzd1RGN3A4NGhzSVFPSnU2TGc1VEVSblRqMmRmSE5tRkk2N0E2Y2VrOWptaFBRYVN3UXFpaWJiWXBUV29yMDVqblJyLW1WTXBUUkhVV2N3VHlsZ2JqNkZaQlFfTkRnRnVMQ1JmS2FsTy0wcVRjRVJHTkthMmh3UnB0UDZuLXM1Q0tGaGZscDFSYkFRWUotVDMwbUI3STRzSnc?oc=5\" target=\"_blank\" rel=\"nofollow noopener\">Peaminister Michal: NATO Ankaras tehtud otsused muudavad liitlased tugevamaks ja Eesti turvalisemaks<\/a>&nbsp;&nbsp;L\u00f5unaeestlane<\/li>\n<li><a href=\"https:\/\/news.google.com\/rss\/articles\/CBMiswFBVV95cUxQQmpsZE1Zb3pVQmxuVFhVZjcwSEFfeXlXUUFfTTlma3ZGU3pRcVVRZUpJYzZiN1JZSXJfNkJsTk9MMVhVVkZFRkRMMFZxNVU1dWZPZUpOV3M2SElTbURoZG13NEJYNXFMZWQ0UGZvUTRjYnpYODdDdEVLVmg5czhqcVhUcTRKaTQwUXFqYVVEX1BsOU5NWEtld0RCT1Q4QnNvb0paNjQ1UWhYcnhueGIzMlpoWQ?oc=5\" target=\"_blank\" rel=\"nofollow noopener\">NATO-s vaieldakse tippkohtumise eel endiselt Ukrainale antava abi \u00fcle, \u2013 Bloomberg<\/a>&nbsp;&nbsp;\u041c\u041a-\u042d\u0441\u0442\u043e\u043d\u0438\u044f<\/li>\n<\/ol>\n","protected":false},"excerpt":{"rendered":"Erdo\u011fani revolvrid, Trumpi libastumised ja Macroni ebadiskreetsus. NATO kohtumine oli t\u00e4is veidraid momente&nbsp;&nbsp;Delfi TIPPKOHTUMISE J\u00c4REL \u27e9 Ankara tulemus:&hellip;\n","protected":false},"author":2,"featured_media":224611,"comment_status":"","ping_status":"","sticky":false,"template":"","format":"standard","meta":{"footnotes":"","_share_on_mastodon":"0"},"categories":[80],"tags":[7529,26,27,324,37,33,35,2194,34,36,31,32,21,28,29,95,3614,54,19,25,2066,23,24,22,20,30,263,92,93,94],"class_list":["post-224610","post","type-post","status-publish","format-standard","has-post-thumbnail","category-maailm","tag-ankara","tag-breaking-news","tag-breakingnews","tag-donald-trump","tag-ee","tag-eesti","tag-eesti-keel","tag-emmanuel-macron","tag-estonia","tag-estonian","tag-featured-news","tag-featurednews","tag-headlines","tag-latest-news","tag-latestnews","tag-maailm","tag-mark-rutte","tag-nato","tag-news","tag-populaarseimad-lood","tag-recep-tayyip-erdogan","tag-top-stories","tag-topstories","tag-uldised-uudised","tag-uudised","tag-viimased-uudised","tag-volodomor-zelenskoi","tag-world","tag-world-news","tag-worldnews"],"share_on_mastodon":{"url":"https:\/\/pubeurope.com\/@ee\/116892126776127355","error":""},"_links":{"self":[{"href":"https:\/\/www.europesays.com\/ee\/wp-json\/wp\/v2\/posts\/224610","targetHints":{"allow":["GET"]}}],"collection":[{"href":"https:\/\/www.europesays.com\/ee\/wp-json\/wp\/v2\/posts"}],"about":[{"href":"https:\/\/www.europesays.com\/ee\/wp-json\/wp\/v2\/types\/post"}],"author":[{"embeddable":true,"href":"https:\/\/www.europesays.com\/ee\/wp-json\/wp\/v2\/users\/2"}],"replies":[{"embeddable":true,"href":"https:\/\/www.europesays.com\/ee\/wp-json\/wp\/v2\/comments?post=224610"}],"version-history":[{"count":0,"href":"https:\/\/www.europesays.com\/ee\/wp-json\/wp\/v2\/posts\/224610\/revisions"}],"wp:featuredmedia":[{"embeddable":true,"href":"https:\/\/www.europesays.com\/ee\/wp-json\/wp\/v2\/media\/224611"}],"wp:attachment":[{"href":"https:\/\/www.europesays.com\/ee\/wp-json\/wp\/v2\/media?parent=224610"}],"wp:term":[{"taxonomy":"category","embeddable":true,"href":"https:\/\/www.europesays.com\/ee\/wp-json\/wp\/v2\/categories?post=224610"},{"taxonomy":"post_tag","embeddable":true,"href":"https:\/\/www.europesays.com\/ee\/wp-json\/wp\/v2\/tags?post=224610"}],"curies":[{"name":"wp","href":"https:\/\/api.w.org\/{rel}","templated":true}]}}