{"id":224731,"date":"2026-07-10T05:08:32","date_gmt":"2026-07-10T05:08:32","guid":{"rendered":"https:\/\/www.europesays.com\/ee\/224731\/"},"modified":"2026-07-10T05:08:32","modified_gmt":"2026-07-10T05:08:32","slug":"meelis-oidsalu-ankara-nato-tippkohtumine-onnestus-ainuuksi-seetottu-et-trump-allianssi-ohku-ei-lasknud","status":"publish","type":"post","link":"https:\/\/www.europesays.com\/ee\/224731\/","title":{"rendered":"Meelis Oidsalu: Ankara NATO tippkohtumine \u00f5nnestus ainu\u00fcksi seet\u00f5ttu, et Trump allianssi \u00f5hku ei lasknud"},"content":{"rendered":"<p>Palju muud head s\u00fcndis veel, muuhulgas Drone Edge\u2019i programm, millega liitlased lubasid investeerida 40 miljardit alliansi riikide <a rel=\"noopener nofollow\" target=\"_blank\" href=\"https:\/\/www.delfi.ee\/teema\/96850724\/droon-1\" data-rel-date-range=\"[]\">droonikaitsesse<\/a> ning \u00fchiselt droonikaitsetehnoloogiaid katsetada, selmet iga\u00fcks ise pusserdada. Selliste koost\u00f6\u00f6kohtade otsimine on \u00fclioluline, kui NATO tahab droonis\u00f5jas <a rel=\"noopener nofollow\" target=\"_blank\" href=\"https:\/\/www.delfi.ee\/teema\/3\/venemaa\" data-rel-date-range=\"[]\">Venemaale<\/a> j\u00e4rele v\u00f5tta. J\u00e4rgmise aasta l\u00f5puks lubatakse viis korda rohkem droonioperaatoreid. <\/p>\n","protected":false},"excerpt":{"rendered":"Palju muud head s\u00fcndis veel, muuhulgas Drone Edge\u2019i programm, millega liitlased lubasid investeerida 40 miljardit alliansi riikide droonikaitsesse&hellip;\n","protected":false},"author":2,"featured_media":224732,"comment_status":"","ping_status":"","sticky":false,"template":"","format":"standard","meta":{"footnotes":"","_share_on_mastodon":"0"},"categories":[5],"tags":[26,27,324,404,37,33,35,34,36,31,32,21,3228,28,29,3614,54,19,25,107,23,24,22,325,20,96,30,263],"class_list":["post-224731","post","type-post","status-publish","format-standard","has-post-thumbnail","category-uldised-uudised","tag-breaking-news","tag-breakingnews","tag-donald-trump","tag-droon","tag-ee","tag-eesti","tag-eesti-keel","tag-estonia","tag-estonian","tag-featured-news","tag-featurednews","tag-headlines","tag-kaitsekulud","tag-latest-news","tag-latestnews","tag-mark-rutte","tag-nato","tag-news","tag-populaarseimad-lood","tag-soda-ukrainas","tag-top-stories","tag-topstories","tag-uldised-uudised","tag-usa","tag-uudised","tag-venemaa","tag-viimased-uudised","tag-volodomor-zelenskoi"],"share_on_mastodon":{"url":"https:\/\/pubeurope.com\/@ee\/116893955014442171","error":""},"_links":{"self":[{"href":"https:\/\/www.europesays.com\/ee\/wp-json\/wp\/v2\/posts\/224731","targetHints":{"allow":["GET"]}}],"collection":[{"href":"https:\/\/www.europesays.com\/ee\/wp-json\/wp\/v2\/posts"}],"about":[{"href":"https:\/\/www.europesays.com\/ee\/wp-json\/wp\/v2\/types\/post"}],"author":[{"embeddable":true,"href":"https:\/\/www.europesays.com\/ee\/wp-json\/wp\/v2\/users\/2"}],"replies":[{"embeddable":true,"href":"https:\/\/www.europesays.com\/ee\/wp-json\/wp\/v2\/comments?post=224731"}],"version-history":[{"count":0,"href":"https:\/\/www.europesays.com\/ee\/wp-json\/wp\/v2\/posts\/224731\/revisions"}],"wp:featuredmedia":[{"embeddable":true,"href":"https:\/\/www.europesays.com\/ee\/wp-json\/wp\/v2\/media\/224732"}],"wp:attachment":[{"href":"https:\/\/www.europesays.com\/ee\/wp-json\/wp\/v2\/media?parent=224731"}],"wp:term":[{"taxonomy":"category","embeddable":true,"href":"https:\/\/www.europesays.com\/ee\/wp-json\/wp\/v2\/categories?post=224731"},{"taxonomy":"post_tag","embeddable":true,"href":"https:\/\/www.europesays.com\/ee\/wp-json\/wp\/v2\/tags?post=224731"}],"curies":[{"name":"wp","href":"https:\/\/api.w.org\/{rel}","templated":true}]}}