{"id":224749,"date":"2026-07-10T05:38:10","date_gmt":"2026-07-10T05:38:10","guid":{"rendered":"https:\/\/www.europesays.com\/ee\/224749\/"},"modified":"2026-07-10T05:38:10","modified_gmt":"2026-07-10T05:38:10","slug":"kaupade-eksport-kasvas-mais-aastaga-uheksa-protsenti-majandus","status":"publish","type":"post","link":"https:\/\/www.europesays.com\/ee\/224749\/","title":{"rendered":"Kaupade eksport kasvas mais aastaga \u00fcheksa protsenti | Majandus"},"content":{"rendered":"<p>Statistikaameti andmetel suurenes kaupade eksport t\u00e4navu mais eelmise aasta sama kuuga v\u00f5rreldes \u00fcheksa protsenti ja import neli protsenti. Kaubavahetuse puuduj\u00e4\u00e4k oli 224 miljonit eurot, mida on 63 miljoni euro v\u00f5rra v\u00e4hem kui mullu mais.<\/p>\n<p>Jooksevhindades eksporditi kaupu enam kui 1,7 miljardi ja imporditi enam kui 1,9 miljardi euro v\u00e4\u00e4rtuses. Eesti p\u00e4ritolu kaupade eksport kasvas viis protsenti.<\/p>\n<p>Statistikaameti v\u00e4liskaubandusstatistika anal\u00fc\u00fctiku Jane Leppmetsa s\u00f5nul kasvas eksport Euroopa Liidu riikidesse 13 protsenti ja import neist \u00fcheksa protsenti.<\/p>\n<p>&#8220;Euroopa Liidu v\u00e4liste riikidega kaubavahetus aga v\u00e4henes \u2013 eksport neisse kahanes kolm protsenti ning import neist 16 protsenti. Kolmandatest riikidest kauba sisseveo v\u00e4henemist m\u00f5jutas eelmise aasta mai k\u00f5rge v\u00f5rdlusbaas, mis oli seotud mullu toimunud riigikaitse suurtehingutega,&#8221; selgitas anal\u00fc\u00fctik.<\/p>\n<p>Eesti p\u00e4ritolu kaubad moodustasid 62 protsenti koguekspordist<\/p>\n<p>Varem imporditud kaupade taasv\u00e4ljavedu ehk reeksport kasvas mais aastaga 15 protsenti, Eesti p\u00e4ritolu kaupade v\u00e4ljavedu viis protsenti. Eesti p\u00e4ritolu kaubad moodustasid koguekspordist 62 protsenti, mullu samal ajal 64 protsenti.<\/p>\n<p>Enim eksporditi Eesti p\u00e4ritolu elektriseadmeid, puitu ja puittooteid ning p\u00f5llumajandussaaduseid ja toidukaupu. K\u00f5ige rohkem suurenes Eesti p\u00e4ritolu mehaaniliste masinate (17 miljoni euro v\u00f5rra) ja elektriseadmete (16 miljoni euro v\u00f5rra) v\u00e4ljavedu ning v\u00e4henes puidu ja puittoodete (7 miljoni euro v\u00f5rra) ning p\u00f5llumajandussaaduste ja toidukaupade (6 miljoni euro v\u00f5rra) eksport.<\/p>\n<p>Koguekspordis olid mais suurima osakaaluga elektriseadmed (15 protsenti koguekspordist), mineraalsed tooted ning p\u00f5llumajandussaadused ja toidukaubad.<\/p>\n<p>Aastases v\u00f5rdluses kasvas k\u00f5ige rohkem ehk 78 miljoni euro v\u00f5rra (64 protsenti) mineraalsete toodete, sh maagaasi, k\u00fctusekomponentide ja elektrienergia eksport.<\/p>\n<p>Eesti peamised kaupade ekspordipartnerid olid Soome (15 protsenti koguekspordist), L\u00e4ti ja Leedu.<\/p>\n<p>Peamine impordipartner oli Soome<\/p>\n<p>Enim imporditi mais transpordivahendeid (14 protsenti koguimpordist), elektriseadmeid, p\u00f5llumajandussaaduseid ja toidukaupu ning mineraalseid tooteid. Eelmise aasta maiga v\u00f5rreldes kasvas k\u00f5ige rohkem ehk 63 miljoni euro v\u00f5rra mineraalsete toodete, sh diislik\u00fctuse, maagaasi ja elektrienergia, ning 41 miljoni euro v\u00f5rra elektriseadmete sissevedu.<\/p>\n<p>Peamised impordipartnerid olid Soome (13 protsenti), L\u00e4ti, Saksamaa ja Leedu.<\/p>\n","protected":false},"excerpt":{"rendered":"Statistikaameti andmetel suurenes kaupade eksport t\u00e4navu mais eelmise aasta sama kuuga v\u00f5rreldes \u00fcheksa protsenti ja import neli protsenti.&hellip;\n","protected":false},"author":2,"featured_media":224750,"comment_status":"","ping_status":"","sticky":false,"template":"","format":"standard","meta":{"footnotes":"","_share_on_mastodon":"0"},"categories":[14],"tags":[131,130,37,33,35,1850,34,36,6746,10037,2559],"class_list":["post-224749","post","type-post","status-publish","format-standard","has-post-thumbnail","category-ari","tag-ari","tag-business","tag-ee","tag-eesti","tag-eesti-keel","tag-eksport","tag-estonia","tag-estonian","tag-import","tag-kaubavahetus","tag-statistikaamet"],"share_on_mastodon":{"url":"https:\/\/pubeurope.com\/@ee\/116894073149009237","error":""},"_links":{"self":[{"href":"https:\/\/www.europesays.com\/ee\/wp-json\/wp\/v2\/posts\/224749","targetHints":{"allow":["GET"]}}],"collection":[{"href":"https:\/\/www.europesays.com\/ee\/wp-json\/wp\/v2\/posts"}],"about":[{"href":"https:\/\/www.europesays.com\/ee\/wp-json\/wp\/v2\/types\/post"}],"author":[{"embeddable":true,"href":"https:\/\/www.europesays.com\/ee\/wp-json\/wp\/v2\/users\/2"}],"replies":[{"embeddable":true,"href":"https:\/\/www.europesays.com\/ee\/wp-json\/wp\/v2\/comments?post=224749"}],"version-history":[{"count":0,"href":"https:\/\/www.europesays.com\/ee\/wp-json\/wp\/v2\/posts\/224749\/revisions"}],"wp:featuredmedia":[{"embeddable":true,"href":"https:\/\/www.europesays.com\/ee\/wp-json\/wp\/v2\/media\/224750"}],"wp:attachment":[{"href":"https:\/\/www.europesays.com\/ee\/wp-json\/wp\/v2\/media?parent=224749"}],"wp:term":[{"taxonomy":"category","embeddable":true,"href":"https:\/\/www.europesays.com\/ee\/wp-json\/wp\/v2\/categories?post=224749"},{"taxonomy":"post_tag","embeddable":true,"href":"https:\/\/www.europesays.com\/ee\/wp-json\/wp\/v2\/tags?post=224749"}],"curies":[{"name":"wp","href":"https:\/\/api.w.org\/{rel}","templated":true}]}}