{"id":224792,"date":"2026-07-10T06:26:11","date_gmt":"2026-07-10T06:26:11","guid":{"rendered":"https:\/\/www.europesays.com\/ee\/224792\/"},"modified":"2026-07-10T06:26:11","modified_gmt":"2026-07-10T06:26:11","slug":"registreeritud-tootus-langes-viimase-viie-aasta-madalaimale-tasemele-majandus","status":"publish","type":"post","link":"https:\/\/www.europesays.com\/ee\/224792\/","title":{"rendered":"Registreeritud t\u00f6\u00f6tus langes viimase viie aasta madalaimale tasemele | Majandus"},"content":{"rendered":"<p>T\u00f6\u00f6tute arv langes Eestis t\u00e4navu teises kvartalis viimase viie aasta madalaimale tasemele. Hoolimata t\u00f6\u00f6tuse m\u00e4\u00e4ra langusest 5,7 protsendini, viitavad kahanenud vabade t\u00f6\u00f6kohtade arv ja uute t\u00f6\u00f6tute v\u00e4henemine t\u00f6\u00f6turu aktiivsuse m\u00f5ningasele aeglustumisele, teatas t\u00f6\u00f6tukassa.<\/p>\n<p>Teises kvartalis oli t\u00f6\u00f6tuna registreeritud keskmiselt 40 000 inimest, mida on 12 protsenti ehk 5400 inimese v\u00f5rra v\u00e4hem kui aasta varem. Registreeritud t\u00f6\u00f6tuse m\u00e4\u00e4r oli 5,7 protsenti, mis on 0,8 protsendipunkti v\u00e4hem v\u00f5rreldes 2025. aasta sama perioodiga.<\/p>\n<p>Kuigi n\u00e4itajad on viimase viie aasta soodsaimad, p\u00fcsib t\u00f6\u00f6tus siiski veel veidi k\u00f5rgemal tasemel kui vahetult enne COVID-19 pandeemiat, nentis t\u00f6\u00f6tukassa.<\/p>\n<p>T\u00f6\u00f6tukassa juhatuse liikme Brit Rammuli hinnangul on v\u00f5rreldes eelmise aastaga t\u00f6\u00f6tute profiilis toimunud m\u00f5ningaid nihkeid. &#8220;Suurenenud on naiste, k\u00f5rgharidusega inimeste ning juhtide ja tippspetsialistide osakaal. Samal ajal on v\u00e4henenud pikaajaliste t\u00f6\u00f6tute ja eesti keelt mitteoskavate inimeste hulk,&#8221; t\u00e4iendas Rammul.<\/p>\n<p>T\u00f6\u00f6tukassa vahendatavate t\u00f6\u00f6kohtade arv on aastaga v\u00e4henenud kuus protsenti, ulatudes teises kvartalis keskmiselt 4944 vaba ametikohani. K\u00f5ige rohkem otsiti uusi t\u00f6\u00f6tajaid haldus- ja abitegevuste valdkonnas, t\u00f6\u00f6tlevas t\u00f6\u00f6stuses, hariduses, hulgi- ja jaekaubanduses ning ehituses.<\/p>\n<p>Ka konkurents vabadele t\u00f6\u00f6kohtadele on v\u00e4henenud. Kui mullu oli \u00fche koha kohta \u00fcheksa registreeritud t\u00f6\u00f6tut, siis t\u00e4navu on see n\u00e4itaja kaheksa. Samas on erinevused valdkondade l\u00f5ikes drastilised.<\/p>\n<p>K\u00f5ige tihedam on konkurents finants- ja kindlustustegevuses (136 t\u00f6\u00f6tut koha kohta) ning info ja side valdkonnas (91 t\u00f6\u00f6tut koha kohta). Ametialade l\u00f5ikes on k\u00f5ige raskem leida t\u00f6\u00f6d juhtidel (48 inimest kohale). Seevastu hariduses, haldustegevuses ning oskust\u00f6\u00f6liste seas on konkurents madalaim, piirdudes vaid nelja inimesega \u00fche vaba t\u00f6\u00f6koha kohta.<\/p>\n<p>Kvartali jooksul lisandus 19 330 uut registreeritud t\u00f6\u00f6tut, kellest enamik oli varem t\u00f6\u00f6tanud teenindus- ja m\u00fc\u00fcgit\u00f6\u00f6taja v\u00f5i lihtt\u00f6\u00f6lisena. Arvelolek l\u00f5petati 23 272 korral, kusjuures peamiseks p\u00f5hjuseks oli t\u00f6\u00f6le asumine (69 protsenti juhtudest). K\u00f5ige sagedamini leiti uut rakendust kaubanduses, t\u00f6\u00f6tlevas t\u00f6\u00f6stuses ja haldustegevuses.<\/p>\n","protected":false},"excerpt":{"rendered":"T\u00f6\u00f6tute arv langes Eestis t\u00e4navu teises kvartalis viimase viie aasta madalaimale tasemele. Hoolimata t\u00f6\u00f6tuse m\u00e4\u00e4ra langusest 5,7 protsendini,&hellip;\n","protected":false},"author":2,"featured_media":224793,"comment_status":"","ping_status":"","sticky":false,"template":"","format":"standard","meta":{"footnotes":"","_share_on_mastodon":"0"},"categories":[5],"tags":[26,27,37,33,35,34,36,31,32,21,28,29,19,25,2178,2161,7193,23,24,22,20,30],"class_list":["post-224792","post","type-post","status-publish","format-standard","has-post-thumbnail","category-uldised-uudised","tag-breaking-news","tag-breakingnews","tag-ee","tag-eesti","tag-eesti-keel","tag-estonia","tag-estonian","tag-featured-news","tag-featurednews","tag-headlines","tag-latest-news","tag-latestnews","tag-news","tag-populaarseimad-lood","tag-tootukassa","tag-tooturg","tag-tootus","tag-top-stories","tag-topstories","tag-uldised-uudised","tag-uudised","tag-viimased-uudised"],"share_on_mastodon":{"url":"https:\/\/pubeurope.com\/@ee\/116894261844655432","error":""},"_links":{"self":[{"href":"https:\/\/www.europesays.com\/ee\/wp-json\/wp\/v2\/posts\/224792","targetHints":{"allow":["GET"]}}],"collection":[{"href":"https:\/\/www.europesays.com\/ee\/wp-json\/wp\/v2\/posts"}],"about":[{"href":"https:\/\/www.europesays.com\/ee\/wp-json\/wp\/v2\/types\/post"}],"author":[{"embeddable":true,"href":"https:\/\/www.europesays.com\/ee\/wp-json\/wp\/v2\/users\/2"}],"replies":[{"embeddable":true,"href":"https:\/\/www.europesays.com\/ee\/wp-json\/wp\/v2\/comments?post=224792"}],"version-history":[{"count":0,"href":"https:\/\/www.europesays.com\/ee\/wp-json\/wp\/v2\/posts\/224792\/revisions"}],"wp:featuredmedia":[{"embeddable":true,"href":"https:\/\/www.europesays.com\/ee\/wp-json\/wp\/v2\/media\/224793"}],"wp:attachment":[{"href":"https:\/\/www.europesays.com\/ee\/wp-json\/wp\/v2\/media?parent=224792"}],"wp:term":[{"taxonomy":"category","embeddable":true,"href":"https:\/\/www.europesays.com\/ee\/wp-json\/wp\/v2\/categories?post=224792"},{"taxonomy":"post_tag","embeddable":true,"href":"https:\/\/www.europesays.com\/ee\/wp-json\/wp\/v2\/tags?post=224792"}],"curies":[{"name":"wp","href":"https:\/\/api.w.org\/{rel}","templated":true}]}}