{"id":224882,"date":"2026-07-10T08:24:11","date_gmt":"2026-07-10T08:24:11","guid":{"rendered":"https:\/\/www.europesays.com\/ee\/224882\/"},"modified":"2026-07-10T08:24:11","modified_gmt":"2026-07-10T08:24:11","slug":"sport-ja-seksikus-kaivadki-kasikaes-kroonika-aasta-seksikaimad-noep-ja-an-marlen-esinevad-rally-estonia-avatseremoonial","status":"publish","type":"post","link":"https:\/\/www.europesays.com\/ee\/224882\/","title":{"rendered":"\u201eSport ja seksikus k\u00e4ivadki k\u00e4sik\u00e4es!\u201c Kroonika aasta seksikaimad NO\u00cbP ja An-Marlen esinevad Rally Estonia avatseremoonial"},"content":{"rendered":"<p>\u201eSport ja seksikus k\u00e4ivadki k\u00e4sik\u00e4es. Selle spordiga mina k\u00fcll ei tegele, aga s\u00fcmbioos tundub loogiline,\u201c \u00fctleb <a rel=\"noopener nofollow\" target=\"_blank\" href=\"https:\/\/www.delfi.ee\/teema\/72239409\/noep\" tag-id=\"72239409\">NO\u00cbP<\/a> ehk <a rel=\"noopener nofollow\" target=\"_blank\" href=\"https:\/\/www.delfi.ee\/teema\/63928151\/andres-kopper\" tag-id=\"63928151\">Andres K\u00f5pper<\/a> eesootavast esinemisest r\u00e4\u00e4kides. Ta lubab, et ralli ava\u00fcrituse laval saab n\u00e4ha h\u00e4sti palju seksikust: seal pakatavad lisaks temale seksikusest ka pillimehed Jonas Kaarnamets ja Rain Parve.<\/p>\n<p>Tartus tuleb esitusele ka ralli uus h\u00fcmn \u201eFull Send\u201c. \u201eSee on t\u00fc\u00fcpiline ralliterminoloogia s\u00f5napaar, mis t\u00e4hendab seda, et peab t\u00e4iega panema, ennast ei saa tagasi hoida. See ei sobi mitte ainult rallisse, vaid ka \u00fcldiselt elumustritesse,\u201c avab muusik uue pala tausta.<\/p>\n<p>Oled juba tellija?Logi sisse<\/p>\n","protected":false},"excerpt":{"rendered":"\u201eSport ja seksikus k\u00e4ivadki k\u00e4sik\u00e4es. Selle spordiga mina k\u00fcll ei tegele, aga s\u00fcmbioos tundub loogiline,\u201c \u00fctleb NO\u00cbP ehk&hellip;\n","protected":false},"author":2,"featured_media":224883,"comment_status":"","ping_status":"","sticky":false,"template":"","format":"standard","meta":{"footnotes":"","_share_on_mastodon":"0"},"categories":[16],"tags":[221,16641,37,33,35,173,34,36,140,16538,249,86244],"class_list":["post-224882","post","type-post","status-publish","format-standard","has-post-thumbnail","category-meelelahutus","tag-an-marlen","tag-andres-kopper","tag-ee","tag-eesti","tag-eesti-keel","tag-entertainment","tag-estonia","tag-estonian","tag-meelelahutus","tag-noep","tag-tartu","tag-wrc-rally-estonia"],"share_on_mastodon":{"url":"https:\/\/pubeurope.com\/@ee\/116894725807706844","error":""},"_links":{"self":[{"href":"https:\/\/www.europesays.com\/ee\/wp-json\/wp\/v2\/posts\/224882","targetHints":{"allow":["GET"]}}],"collection":[{"href":"https:\/\/www.europesays.com\/ee\/wp-json\/wp\/v2\/posts"}],"about":[{"href":"https:\/\/www.europesays.com\/ee\/wp-json\/wp\/v2\/types\/post"}],"author":[{"embeddable":true,"href":"https:\/\/www.europesays.com\/ee\/wp-json\/wp\/v2\/users\/2"}],"replies":[{"embeddable":true,"href":"https:\/\/www.europesays.com\/ee\/wp-json\/wp\/v2\/comments?post=224882"}],"version-history":[{"count":0,"href":"https:\/\/www.europesays.com\/ee\/wp-json\/wp\/v2\/posts\/224882\/revisions"}],"wp:featuredmedia":[{"embeddable":true,"href":"https:\/\/www.europesays.com\/ee\/wp-json\/wp\/v2\/media\/224883"}],"wp:attachment":[{"href":"https:\/\/www.europesays.com\/ee\/wp-json\/wp\/v2\/media?parent=224882"}],"wp:term":[{"taxonomy":"category","embeddable":true,"href":"https:\/\/www.europesays.com\/ee\/wp-json\/wp\/v2\/categories?post=224882"},{"taxonomy":"post_tag","embeddable":true,"href":"https:\/\/www.europesays.com\/ee\/wp-json\/wp\/v2\/tags?post=224882"}],"curies":[{"name":"wp","href":"https:\/\/api.w.org\/{rel}","templated":true}]}}