{"id":224921,"date":"2026-07-10T09:13:50","date_gmt":"2026-07-10T09:13:50","guid":{"rendered":"https:\/\/www.europesays.com\/ee\/224921\/"},"modified":"2026-07-10T09:13:50","modified_gmt":"2026-07-10T09:13:50","slug":"fotod-ja-videod-tugev-vihmasadu-purustas-torvas-paisu-uleujutuse-ohver-maja-laheb-lammutamisele-2","status":"publish","type":"post","link":"https:\/\/www.europesays.com\/ee\/224921\/","title":{"rendered":"FOTOD JA VIDEOD | Tugev vihmasadu purustas T\u00f5rvas paisu. \u00dcleujutuse ohver: maja l\u00e4heb lammutamisele"},"content":{"rendered":"<p>T\u00f5rva vallavolikogu esimees Karl Kirt s\u00f5nas, et tegemist on piirkonna jaoks v\u00e4ga suure kriisiga. Esimesed j\u00e4\u00e4dvustused juhtunust saabusid varahommikul, kui Piima ja Oa t\u00e4nava ristil ajas vesi \u00fcle. Suurvesi uhtus aga teed niiv\u00f5rd hoogsalt, et juba m\u00f5nek\u00fcmne minuti p\u00e4rast polnud sellest enam j\u00e4lgegi. <\/p>\n<p>\u201ePiima oja ujutab nii tugevalt, et \u00fches aias olid lapsed aiamajas \u00f6\u00f6bimas ja vesi hakkas seda kandma. P\u00e4\u00e4stjad t\u00f5id lapsed v\u00e4lja,\u201c jagas \u00fcks T\u00f5rva elanik.<\/p>\n<p>T\u00f5rva vald andis sotsiaalmeedias teada, et esmane info juhtunu kohta saabus kell 6.15. S\u00fcndmuse lahendamisega tegelevad T\u00f5rva Vallavalitsuse kriisikomisjon, P\u00e4\u00e4steamet, PPA, Kaitseliit, Naiskodukaitse ja Transpordiamet.<\/p>\n<p>Vaata ka videointervjuud kohaliku elanikuga, kelle kodu veega t\u00e4itus:<\/p>\n<p>Sirli Pippar r\u00e4\u00e4kis, et kohalike s\u00f5nul juhtus sarnane \u00fcleujutus ka 1978. aastal. \u201eKohalikud on v\u00e4ga mures. Tikste paisu juures viis vesi tee, aga linnas on ikka olukord hull, elamised on vee all,\u201c r\u00e4\u00e4kis Pippar. <\/p>\n<p>\u201eT\u00f5rvas on kohutav, ohu all on Viljandi t\u00e4nava suure silla \u00fcletamine. Silla k\u00f5rval olev maja on juba vees. Kui aus olla, siis kardetavasti on meie k\u00f5ik kesklinna viivad teed varsti vee all ja oleme sisuliselt linnast \u00e4ra l\u00f5igatud,\u201c m\u00e4rkis \u00fcks kohalik. <\/p>\n<p>Transpordiamet andis kell 10.18 teada, et T\u00f5rva linnas on Viljandi tn suletud \u00fcleujutuse t\u00f5ttu. Osaliselt on suletud Viljandi ja Kooli tn ristmik. Lisaks teatati, et \u00fcleujutuse t\u00f5ttu on suletud ka Valga-Uulu p\u00f5himaantee l\u00f5ik \u00fcle Pokardi oja (km 28). \u00dcmbers\u00f5it on Kirikuk\u00fcla, Patk\u00fcla ja Roobe kaudu. Veidi enne kella 16 anti teada, et 6 Valga-Uulu tee p\u00f5himaantee l\u00f5ik \u00fcle Pokardi oja on liiklusele taas avatud.<\/p>\n<p>Vallavanem: olukord on kontrolli all<\/p>\n<p>T\u00f5rva vallavanem Kalle Vister r\u00e4\u00e4kis kella 12 paiku Maalehele, et olukord on tasapisi lahenemas. \u201eHetkel on olukord kontrolli all. P\u00e4\u00e4ste tegutseb ja pumpame hoovidest vett v\u00e4lja. Nendes aedades, kuhu suurem \u00fcleujutus j\u00f5udis, on ka tasapisi vesi alanema hakanud,\u201c s\u00f5nas ta. <\/p>\n<p>\u00dcleujutus m\u00f5jutas 0,4 hektaril 10 majapidamist ja p\u00e4\u00e4stjad evakueerisid 10 inimest. Neist kolmes majas oli sees ligi meetri k\u00f5rgune vesi. Vee ja kanalisatsiooniga on probleeme vaid kahes majapidamises, kuid ka see peaks \u00fcsna pea taastuma.<\/p>\n<p>Vallavanema s\u00f5nul \u00fcleujutuse t\u00f5ttu miski poolikuks v\u00f5i \u00e4ra ei j\u00e4\u00e4. \u201eLiigelda saab, ka \u00fchistransport toimib. S\u00f5idud on k\u00fcll \u00fcmber suunatud, aga k\u00f5ik t\u00f6\u00f6tab.\u201c<\/p>\n<p>Vister t\u00f5des, et kuna T\u00f5rva kandist l\u00e4heb j\u00f5gi l\u00e4bi, siis on kohalikud harjunud sellega, et vahel kipub piirkonnas uputama ja ka vallavalitsusel on selle jaoks kriisiplaan olemas. <\/p>\n<p>Politsei ja p\u00e4\u00e4steamet tegutsevad <\/p>\n<p>Kagu patrulli v\u00e4lijuht Talis Eit r\u00e4\u00e4kis, et politsei \u00fclesanne on kohapeal liiklust kinni hoida, et p\u00e4\u00e4stet\u00f6\u00f6d saaks toimuda. \u201eKohalike elu nii hullult h\u00e4iritud pole, Viljandi t\u00e4nav on k\u00fcll kinni, aga oleme liikluse \u00fcmber suunanud. Tahaks loota, et paari tunniga saab tee taas lahti teha. Hetkel ootame transpordiameti esindajat, kes tee seisu hindaks.\u201c<\/p>\n<p>Alguses oli v\u00e4lijuhi s\u00f5nul uudistajaid palju ja neid pidi ka eemale ajama, et p\u00e4\u00e4stjad saaksid t\u00f6\u00f6d teha, kuid n\u00fc\u00fcd on olukord rahunenud. <\/p>\n<p>Eit selgitas, et \u00fcleujutuse t\u00f5ttu purunenud Piima t\u00e4nava sild oli k\u00fcll heas seisus, vihma on viimaste p\u00e4evadega tulnud niiv\u00f5rd palju maha, et vee j\u00f5ud oli lihtsalt silla omast suurem.<\/p>\n<p>L\u00f5una-Eesti p\u00e4\u00e4steameti v\u00e4lijuht Sven Raud jagas, et t\u00e4na, 9. juulil kella 6.30 paiku, sai p\u00e4\u00e4steamet teada T\u00f5rvas juhtunust, kui \u00fchest ummistatud tammist hakkas vesi \u00fcle voolama. \u201eEnne kella \u00fcheksat tamm l\u00f5hkes ja 400 ruutmeerit maapinda ujutati \u00fcle. P\u00e4\u00e4steamet reageeris sellele kolmanda astme s\u00fcndmusena ja siin on kohal terve meie regiooni pumbaresurss.\u201c<\/p>\n<p>Raud m\u00e4rkis, et kannatada saanud k\u00fcmnest majast on viies suuremad kahjustused. Raskematel juhtudel on vesi toas t\u00e4iskasvanud inimesele puusani. M\u00f5nedel majadel on vee t\u00f5ttu vajunud ka vundament. <\/p>\n<p>\u201eKuna me ei osanud eeldada, et tamm puruneb, tegime kohalikele inimestele vaid teavituse, et selline olukord on, aga me ei alustanud evakuatsiooni. Kui tamm ootamatult purunes, siis vajasid \u00fchest majast kaks, \u00fcks ema ja poeg, ning teisest majapidamisest \u00fcks vanem inimene pinnaltp\u00e4\u00e4stjate abi,\u201c kirjeldas Raud p\u00e4\u00e4stet\u00f6id. <\/p>\n<p>\u201eEvakuatsiooni ajal oli vesi t\u00e4iskasvanud mehel rinnuni ja inimesed olid toas varjunud akna ja voodi peale. P\u00e4\u00e4stjad t\u00f5id nad sealt \u00e4ra ning nendega on k\u00f5ik korras,\u201c jagas p\u00e4\u00e4steameti v\u00e4lijuht.<\/p>\n<p>Kohalik: vesi viis pool hoovi minema<\/p>\n<p>Maalehe ajakirjanik p\u00fc\u00fcdis T\u00f5rvas kinni Helmes elava Ain Lepa, kelle t\u00f6\u00f6koda \u00fcleujutuse t\u00f5ttu veega t\u00e4itus. \u201ePoeg helistas enne kaheksat hommikul, et uputab. Sel ajal ei olnud veel nii hull, aga siis l\u00e4ks tamm puruks. Vett on t\u00f6\u00f6kojas sees umbes pool meetrit. T\u00f6\u00f6riistad, m\u00f6\u00f6blikilbid &#8211; k\u00f5ik on vee all,\u201c r\u00e4\u00e4kis Lepp. Ta pakub, et kahju ulatub umbes 3000 euro kanti.<\/p>\n<p>Kohaliku Erko Ruukeli aiast pole aga enam suurt midagi alles. \u201eViisin veel hommikul auto linna \u00e4ra ja kui tagasi tulin siis hakkas juhtuma. Vesi voolas umbes 40 minutit v\u00f5i isegi tunni jagu. Mul oli j\u00f5gi \u00f5ues, v\u00e4hid ujusid maja ees ja kogu loodus on koju k\u00e4tte toodud. Aga tegelikult pole hullu midagi, kui inimene on elus, siis on ju k\u00f5ik h\u00e4sti. \u00dclej\u00e4\u00e4nud on kulu. Kui inimest enam ei ole siis ei ole midagi.\u201c<\/p>\n<p><img decoding=\"async\" src=\"https:\/\/www.europesays.com\/ee\/wp-content\/uploads\/2026\/07\/1783674829_25_cd263fc4-cd56-46cd-9397-2fea90b39137.jpg\" loading=\"lazy\" alt=\"Erko Ruukel.\"\/><img decoding=\"async\" src=\"https:\/\/www.europesays.com\/ee\/wp-content\/uploads\/2026\/07\/1783674829_862_5e8121a8-ad48-4221-841c-18ec7f0334df.jpg\" loading=\"lazy\" alt=\"Erko Ruukeli aiast sai 9. juuli hommikul hoopis j\u00f5gi.\"\/><\/p>\n<p>Vaatamata suurele uputusele Ruukel p\u00e4\u00e4stmist ei vajanud. \u201eMa ootasin \u00e4ra, kuni vesi \u00e4ra l\u00e4heb, ega ma kuhugi minna ei saanud. K\u00f5ige rohkem kahju ongi sellest, et vesi viis pool hoovi minema, ka puud l\u00e4ksid. Maja on ka kindlasti kahjustada saanud, aga kui palju, seda ju ei tea, vesi on alles sees. Aga pildid saatsin juba kindlustusele \u00e4ra.\u201c<\/p>\n<p>\u201eVihmasadu oli k\u00fcll tugev, aga kui tamm poleks katki l\u00e4inud, ei oleks midagi hullu juhtunud. Eelmisel suvel oli mul ka grillimaja all vett, aga kindlasti mitte nii palju kui n\u00fc\u00fcd,\u201c t\u00f5des ta. <\/p>\n<p>Maja l\u00e4heb lammutamisele<\/p>\n<p>\u201eN\u00fc\u00fcd on k\u00f5ik muda t\u00e4is. Ma ei tea, kust ma selle koristamisega peale hakkan. Ei usu ka seda, et vald appi tuleb. Ma kaks aastat tagasi k\u00e4isin samal teemal vallas r\u00e4\u00e4kimas mehega, kes selle eest vastutab. Ta ise tunnistas mulle, et meil on tammid m\u00e4dad ja midagi tuleb ette v\u00f5tta. Ja n\u00fc\u00fcd juhtuski,\u201c ohkas T\u00f5rvas suvekodus k\u00e4iv Andres Kangro.<\/p>\n<p>Mees sai alles siis aru, et olukord on keeruline, kui p\u00e4\u00e4steamet inimesi evakueerima asus. \u201eSiis ei olnud toas vett \u00fcldse ja aias polnud ka suurt midagi, aga teavitati, et kohe-kohe annab ka Tikste tamm j\u00e4rgi. Viimased asjad viisin toast ruttu autosse siis, kui vesi juba v\u00e4lisuksest sisse tulema. V\u00f5tsin kaasa kaks koera, elamiseks vajalikud asjad, k\u00fclmkapist kiiresti midagi, dokumendid ja riideid natuke. Kuna see on mul suvekodu ja ema, kes siin muidu alaliselt elab, on praegu Soomes, siis polnud palju v\u00f5tta.\u201c<\/p>\n<p><img decoding=\"async\" src=\"https:\/\/www.europesays.com\/ee\/wp-content\/uploads\/2026\/07\/1783674830_918_27098dda-f9e3-4335-b6d2-a4a712a1abc9.jpg\" loading=\"lazy\" alt=\"Vesi j\u00e4ttis majale randid, mis n\u00e4itavad, kui k\u00f5rgele \u00fcleujutus t\u00f5usis. \"\/><img decoding=\"async\" src=\"https:\/\/www.europesays.com\/ee\/wp-content\/uploads\/2026\/07\/1783674830_584_53b1da95-ae13-449d-9c73-813f7f0f4742.jpg\" loading=\"lazy\" alt=\"Andres Kangro maja k\u00f5rval, mis suure t\u00f5en\u00e4osusega lammutamisele l\u00e4heb. \"\/><\/p>\n<p>Kangrol on garaa\u017eis vee sees ka murutraktorid, aga neid ei oleks ta j\u00f5udnud kiirelt aeda t\u00fckkinud veega p\u00e4\u00e4stagi. \u201eTund aega oli aega mul asju pakkida ja m\u00f5ned asjad toas k\u00f5rgemale t\u00f5sta. P\u00e4\u00e4stsin mis p\u00e4\u00e4sta annab. K\u00f5ik, mis vee alla j\u00e4i, l\u00e4heb pr\u00fcgim\u00e4ele.\u201c<\/p>\n<p>Suurt muret tekitab talle aga see, kuidas maja p\u00e4rast vee taandumist kuivab. \u201eVesi on k\u00f5ik segamini keeranud. Maja on kindlasti kannatada saanud. Arvan, et siin ei ole enam midagi muud, see maja l\u00e4heb lammutamisele. Siin l\u00e4heb k\u00f5ik hallitama ja nii ei saa ju elada.\u201c<\/p>\n<p>Valla abi osas on mees siiski kriitiline. \u201eHetkeseisuga vaatame, kuidas vald hakkama saab ja kas nad on v\u00f5imelised inimestele appi tulema v\u00f5i on need ainult jutud. Vallavanem leidis mulle k\u00fcll Helmes asenduskorteri, aga sinna ma ei l\u00e4he.\u201c<\/p>\n<p>Kuidas see lugu Sind end tundma pani? Saada <a href=\"https:\/\/maaleht.delfi.ee\/artikkel\/120596042\/fotod-linnas-on-olukord-hull-tugev-vihmasadu-purustas-torvas-paisu-vesi-viis-kaasa-terve-teeloigu-majad-upuvad\/kommentaarid\" class=\"article-body-bottom__comment article-body-bottom__comment--write button button--primary button--size-auto\" rel=\"nofollow noopener\" target=\"_blank\"> Kommenteeri <\/a><a href=\"https:\/\/maaleht.delfi.ee\/artikkel\/120596042\/fotod-linnas-on-olukord-hull-tugev-vihmasadu-purustas-torvas-paisu-vesi-viis-kaasa-terve-teeloigu-majad-upuvad\/kommentaarid\" class=\"article-body-bottom__comment article-body-bottom__comment--read button button--size-auto\" rel=\"nofollow noopener\" target=\"_blank\"> Loe kommentaare (210)<\/a><\/p>\n","protected":false},"excerpt":{"rendered":"T\u00f5rva vallavolikogu esimees Karl Kirt s\u00f5nas, et tegemist on piirkonna jaoks v\u00e4ga suure kriisiga. Esimesed j\u00e4\u00e4dvustused juhtunust saabusid&hellip;\n","protected":false},"author":2,"featured_media":224850,"comment_status":"","ping_status":"","sticky":false,"template":"","format":"standard","meta":{"footnotes":"","_share_on_mastodon":"0"},"categories":[5],"tags":[26,27,37,33,35,34,36,31,32,21,28,29,19,25,23,24,13630,22,20,30],"class_list":["post-224921","post","type-post","status-publish","format-standard","has-post-thumbnail","category-uldised-uudised","tag-breaking-news","tag-breakingnews","tag-ee","tag-eesti","tag-eesti-keel","tag-estonia","tag-estonian","tag-featured-news","tag-featurednews","tag-headlines","tag-latest-news","tag-latestnews","tag-news","tag-populaarseimad-lood","tag-top-stories","tag-topstories","tag-torva","tag-uldised-uudised","tag-uudised","tag-viimased-uudised"],"share_on_mastodon":{"url":"https:\/\/pubeurope.com\/@ee\/116894922808245707","error":""},"_links":{"self":[{"href":"https:\/\/www.europesays.com\/ee\/wp-json\/wp\/v2\/posts\/224921","targetHints":{"allow":["GET"]}}],"collection":[{"href":"https:\/\/www.europesays.com\/ee\/wp-json\/wp\/v2\/posts"}],"about":[{"href":"https:\/\/www.europesays.com\/ee\/wp-json\/wp\/v2\/types\/post"}],"author":[{"embeddable":true,"href":"https:\/\/www.europesays.com\/ee\/wp-json\/wp\/v2\/users\/2"}],"replies":[{"embeddable":true,"href":"https:\/\/www.europesays.com\/ee\/wp-json\/wp\/v2\/comments?post=224921"}],"version-history":[{"count":0,"href":"https:\/\/www.europesays.com\/ee\/wp-json\/wp\/v2\/posts\/224921\/revisions"}],"wp:featuredmedia":[{"embeddable":true,"href":"https:\/\/www.europesays.com\/ee\/wp-json\/wp\/v2\/media\/224850"}],"wp:attachment":[{"href":"https:\/\/www.europesays.com\/ee\/wp-json\/wp\/v2\/media?parent=224921"}],"wp:term":[{"taxonomy":"category","embeddable":true,"href":"https:\/\/www.europesays.com\/ee\/wp-json\/wp\/v2\/categories?post=224921"},{"taxonomy":"post_tag","embeddable":true,"href":"https:\/\/www.europesays.com\/ee\/wp-json\/wp\/v2\/tags?post=224921"}],"curies":[{"name":"wp","href":"https:\/\/api.w.org\/{rel}","templated":true}]}}