{"id":225052,"date":"2026-07-10T12:17:11","date_gmt":"2026-07-10T12:17:11","guid":{"rendered":"https:\/\/www.europesays.com\/ee\/225052\/"},"modified":"2026-07-10T12:17:11","modified_gmt":"2026-07-10T12:17:11","slug":"kontaveit-ja-bouchard-pidid-wimbledonis-vastaste-nappi-paremust-tunnistama-tennis","status":"publish","type":"post","link":"https:\/\/www.europesays.com\/ee\/225052\/","title":{"rendered":"Kontaveit ja Bouchard pidid Wimbledonis vastaste nappi paremust tunnistama | Tennis"},"content":{"rendered":"<p>2023. aasta juulis Wimbledoni sl\u00e4mmiturniiril oma karj\u00e4\u00e4rile joone alla t\u00f5mmanud Anett Kontaveit osaleb t\u00e4navu naiste legendide kutsetega paarism\u00e4nguturniiril, kus pidi koos kanadalanna Eugenie Bouchardiga vastu v\u00f5tma napi kaotuse.<\/p>\n<p>Kontaveit ja Bouchard j\u00e4id enda alagrupi viimases mat\u0161is 6:4, 6:7 (6), 8:10 alla sakslanna Sabine Lisckile ja britile Katie O&#8217;Brienile. Seejuures juhtisid Kontaveit ja Bouchard teises setis murdega 5:3, aga kaotasid siis kolm geimi j\u00e4rjest. Kiires l\u00f5ppm\u00e4ngus p\u00e4\u00e4sesid vastased 4:1 ette, Kontaveit ja Bouchard k\u00fcll viigistasid, aga l\u00f5puks j\u00e4id Lisicki ja O&#8217;Brien siiski 8:6 peale. Otsustava seti asemel m\u00e4ngiti kiire l\u00f5ppm\u00e4ng k\u00fcmne punktini. Kontaveit ja Bouchard l\u00e4ksid seal 7:4 juhtima, aga Lisicki ja O&#8217;Brien v\u00f5itsid siis viis punkti j\u00e4rjest ning v\u00f5itsid l\u00f5puks napilt 10:8. \u00a0<\/p>\n<p>Lisicki j\u00f5udis profikarj\u00e4\u00e4ri ajal maailma edetabelis 12. kohale ja m\u00e4ngis 2013. aastal Wimbledoni finaalis, kus pidi tunnistama prantslanna Marion Bartoli paremust. O&#8217;Brien on endine Suurbritannia esireket, kes maailma edetabelis oli karj\u00e4\u00e4ri tipphetkedel 84. real.<\/p>\n<p>Kontaveit ja Bouchard said A-alagrupis \u00fche v\u00f5idu ja kaks kaotust. Lisicki ja O&#8217;Brien teenisid kaks v\u00f5itu ja \u00fche kaotuse. Selles alagrupis on pidamata veel \u00fcks mat\u0161 \u2013 esimesed kaks m\u00e4ngu v\u00f5itnud slovakk Dominika Cibulkova ja t\u0161ehh Barbora Strycova l\u00e4hevad vastamisi m\u00f5lemad senised kohtumised kaotanud ameeriklanna Vania Kingi ja Kasahstani esindava Jaroslava \u0160vedovaga.<\/p>\n","protected":false},"excerpt":{"rendered":"2023. aasta juulis Wimbledoni sl\u00e4mmiturniiril oma karj\u00e4\u00e4rile joone alla t\u00f5mmanud Anett Kontaveit osaleb t\u00e4navu naiste legendide kutsetega paarism\u00e4nguturniiril,&hellip;\n","protected":false},"author":2,"featured_media":225053,"comment_status":"","ping_status":"","sticky":false,"template":"","format":"standard","meta":{"footnotes":"","_share_on_mastodon":"0"},"categories":[18],"tags":[3355,37,33,35,34,36,159,158,6777,88708,80559],"class_list":["post-225052","post","type-post","status-publish","format-standard","has-post-thumbnail","category-sport","tag-anett-kontaveit","tag-ee","tag-eesti","tag-eesti-keel","tag-estonia","tag-estonian","tag-sport","tag-sports","tag-wimbledon","tag-wimbledoni-slammiturniir","tag-wimbledoni-suure-slammi-turniir"],"share_on_mastodon":{"url":"https:\/\/pubeurope.com\/@ee\/116895642259365914","error":""},"_links":{"self":[{"href":"https:\/\/www.europesays.com\/ee\/wp-json\/wp\/v2\/posts\/225052","targetHints":{"allow":["GET"]}}],"collection":[{"href":"https:\/\/www.europesays.com\/ee\/wp-json\/wp\/v2\/posts"}],"about":[{"href":"https:\/\/www.europesays.com\/ee\/wp-json\/wp\/v2\/types\/post"}],"author":[{"embeddable":true,"href":"https:\/\/www.europesays.com\/ee\/wp-json\/wp\/v2\/users\/2"}],"replies":[{"embeddable":true,"href":"https:\/\/www.europesays.com\/ee\/wp-json\/wp\/v2\/comments?post=225052"}],"version-history":[{"count":0,"href":"https:\/\/www.europesays.com\/ee\/wp-json\/wp\/v2\/posts\/225052\/revisions"}],"wp:featuredmedia":[{"embeddable":true,"href":"https:\/\/www.europesays.com\/ee\/wp-json\/wp\/v2\/media\/225053"}],"wp:attachment":[{"href":"https:\/\/www.europesays.com\/ee\/wp-json\/wp\/v2\/media?parent=225052"}],"wp:term":[{"taxonomy":"category","embeddable":true,"href":"https:\/\/www.europesays.com\/ee\/wp-json\/wp\/v2\/categories?post=225052"},{"taxonomy":"post_tag","embeddable":true,"href":"https:\/\/www.europesays.com\/ee\/wp-json\/wp\/v2\/tags?post=225052"}],"curies":[{"name":"wp","href":"https:\/\/api.w.org\/{rel}","templated":true}]}}