{"id":225127,"date":"2026-07-10T13:33:11","date_gmt":"2026-07-10T13:33:11","guid":{"rendered":"https:\/\/www.europesays.com\/ee\/225127\/"},"modified":"2026-07-10T13:33:11","modified_gmt":"2026-07-10T13:33:11","slug":"arvustus-%e2%9f%a9-the-rolling-stones-naitab-uue-plaadiga-et-lootust-on-kui-mitte-meil-siis-vahemalt-neil","status":"publish","type":"post","link":"https:\/\/www.europesays.com\/ee\/225127\/","title":{"rendered":"ARVUSTUS \u27e9 The Rolling Stones n\u00e4itab uue plaadiga, et lootust on. Kui mitte meil, siis v\u00e4hemalt neil"},"content":{"rendered":"<p>Mati Unt leidis kord Iron Maideni kontserti arvustades, et talle ikka meeldivad vanameistrid. Olgu ikka v\u00e4hemalt k\u00fcmme aastat tegutsetud, siis juba midagi on, arvas Unt.<\/p>\n<p>Enda kohta vist esitas ta sellise arvamuse tuules ka k\u00fcsimuse, et ei tea, kas ma olen panetunud v\u00f5i mis. The Rolling Stones on tegutsenud \u00fcle 60 aasta ja isegi vanameistrite hulgas on nad erakordne n\u00e4htus.<\/p>\n","protected":false},"excerpt":{"rendered":"Mati Unt leidis kord Iron Maideni kontserti arvustades, et talle ikka meeldivad vanameistrid. Olgu ikka v\u00e4hemalt k\u00fcmme aastat&hellip;\n","protected":false},"author":2,"featured_media":225128,"comment_status":"","ping_status":"","sticky":false,"template":"","format":"standard","meta":{"footnotes":"","_share_on_mastodon":"0"},"categories":[16],"tags":[91219,91216,91217,37,33,35,173,34,36,91220,84910,91218,4986,7714,140,4985,24263,71632,91215,4984],"class_list":["post-225127","post","type-post","status-publish","format-standard","has-post-thumbnail","category-meelelahutus","tag-beautiful-delilah","tag-bigger-bang","tag-charlie-watts","tag-ee","tag-eesti","tag-eesti-keel","tag-entertainment","tag-estonia","tag-estonian","tag-exile-on-main-street","tag-hackney-diamonds","tag-jealous-lover","tag-keith-richards","tag-madonna","tag-meelelahutus","tag-mick-jagger","tag-paul-mccartney","tag-ronnie-wood","tag-the-foreign-tongues","tag-the-rolling-stones"],"share_on_mastodon":{"url":"https:\/\/pubeurope.com\/@ee\/116895941039086350","error":""},"_links":{"self":[{"href":"https:\/\/www.europesays.com\/ee\/wp-json\/wp\/v2\/posts\/225127","targetHints":{"allow":["GET"]}}],"collection":[{"href":"https:\/\/www.europesays.com\/ee\/wp-json\/wp\/v2\/posts"}],"about":[{"href":"https:\/\/www.europesays.com\/ee\/wp-json\/wp\/v2\/types\/post"}],"author":[{"embeddable":true,"href":"https:\/\/www.europesays.com\/ee\/wp-json\/wp\/v2\/users\/2"}],"replies":[{"embeddable":true,"href":"https:\/\/www.europesays.com\/ee\/wp-json\/wp\/v2\/comments?post=225127"}],"version-history":[{"count":0,"href":"https:\/\/www.europesays.com\/ee\/wp-json\/wp\/v2\/posts\/225127\/revisions"}],"wp:featuredmedia":[{"embeddable":true,"href":"https:\/\/www.europesays.com\/ee\/wp-json\/wp\/v2\/media\/225128"}],"wp:attachment":[{"href":"https:\/\/www.europesays.com\/ee\/wp-json\/wp\/v2\/media?parent=225127"}],"wp:term":[{"taxonomy":"category","embeddable":true,"href":"https:\/\/www.europesays.com\/ee\/wp-json\/wp\/v2\/categories?post=225127"},{"taxonomy":"post_tag","embeddable":true,"href":"https:\/\/www.europesays.com\/ee\/wp-json\/wp\/v2\/tags?post=225127"}],"curies":[{"name":"wp","href":"https:\/\/api.w.org\/{rel}","templated":true}]}}