{"id":225199,"date":"2026-07-10T15:14:31","date_gmt":"2026-07-10T15:14:31","guid":{"rendered":"https:\/\/www.europesays.com\/ee\/225199\/"},"modified":"2026-07-10T15:14:31","modified_gmt":"2026-07-10T15:14:31","slug":"luup-peale-flora-tahtis-kovasti-kuid-eksis-liiga-palju-galerii-soccernet-ee","status":"publish","type":"post","link":"https:\/\/www.europesays.com\/ee\/225199\/","title":{"rendered":"Luup peale | Flora tahtis k\u00f5vasti, kuid eksis liiga palju (galerii!) &#8211; Soccernet.ee"},"content":{"rendered":"<p><img decoding=\"async\" src=\"https:\/\/www.europesays.com\/ee\/wp-content\/uploads\/2026\/07\/1783541224.JPG\" alt=\"FC Flora pakkus eurohooaja alustuseks v\u00f5itlusliku m\u00e4ngu, kuid sellest j\u00e4i v\u00e4heks. Foto: Liisi Troska \/ jalgpall.ee\"\/>&#13;\n<\/p>\n<p>FC Flora t\u00e4navuse eurohooaja avapauk pakkus k\u00f5ike \u2013 penalti, punane kaart, raskest seisust v\u00e4lja ronimine, kuid seej\u00e4rel ikkagi v\u00e4lja v\u00f5ideldu loovutamine. 2:3 kaotusm\u00e4ng Thbilisi Iberiale v\u00f5inuks l\u00f5ppeda palju hullemini, kuid ometi on p\u00f5hjust ka kahetsuseks.<\/p>\n<ul>&#13;<\/p>\n<li>Vaata Liisi Troska ja Anna Andrease fotogaleriisid artikli l\u00f5pust!<\/li>\n<p>&#13;\n<\/ul>\n<p>M\u00e4ngu esimene ohtlik v\u00f5imalus tekkis kuuendal minutil, kui n\u00e4iliselt olukorda kontrollinud Remo Valdmets lasi Flora karistusalas otsajoone l\u00e4hedal Vahho Bedo\u0161vilil enda selja tagant v\u00e4lja h\u00fcpata ning grusiinil l\u00f6\u00f6gile p\u00e4\u00e4seda. R\u00fcndaja p\u00f5rutas aga palli vastu esinurka katnud Evert Gr\u00fcnvaldi. Kuus minutit hiljem r\u00fcndas Flora karistusalas lahtist palli Nika Siharula\u0161vili, ent l\u00f6\u00f6k lendas lubavast kohast isegi \u00fcle Viienda Sektori f\u00e4nnitsooni.&#13;\n<\/p>\n<p>Seej\u00e4rel algasid Florale kohutavad kolm minutit. Nad lubasid Iberia 18. minutil vastur\u00fcnnakule, kus Bedo\u0161vili leidis diagonaals\u00f6\u00f6duga Zviad Nat\u0161hebia ning 26-aastase grusiini t\u00e4pne l\u00f6\u00f6k maandus \u00f5rnast latip\u00f5rkest v\u00e4ravas \u2013 0:1. V\u00f5\u00f5rustajate olukord halvenes p\u00e4rast Mihhail Kolobovi viga Siharula\u0161vili vastu, mille j\u00e4rel tegi Jemal Jinjolava penaltipunktilt m\u00e4nguseisuks 0:2.&#13;\n<\/p>\n<p>Valitsev Eesti meister oli umbes kahek\u00fcmne minutiga j\u00e4\u00e4nud koduv\u00e4ljakul t\u00e4barasse seisu, ent siis hakkasid ka nemad r\u00fcnnakul \u00f5nnestuma. 27. minutil m\u00e4ngis Rauno Sappinen end Iberia v\u00e4ravavahist Giorgi Makaridzest m\u00f6\u00f6da, kuid l\u00f6\u00f6k terava nurga alt j\u00e4i pehmeks ning Vahid Selimovic klaaris v\u00e4rava eest. Flora m\u00e4ngule puhus elu sisse Vladislav Kreida, kelle 28. minuti madal kaugl\u00f6\u00f6k oli t\u00e4pne ning maandus Iberia v\u00e4rava alanurgas. 1:2!&#13;\n<\/p>\n<p>V\u00e4ravaterohke avapoolaja l\u00f5pus k\u00e4is pall neljandatki korda v\u00e4ravas, kui Siharula\u0161vili p\u00f6\u00f6ras end Airon Kollo vastu l\u00f6\u00f6gile ja k\u00f5mmutas alumisse nurka. Eestlaste \u00f5nneks sekkus olukorda videokohtunik, kes tuvastas k\u00e4rmelt, et grusiin kasutas palli omaks v\u00f5ttes k\u00e4tt ja t\u00fchistas tabamuse.&#13;\n<\/p>\n<p><img decoding=\"async\" src=\"https:\/\/www.europesays.com\/ee\/wp-content\/uploads\/2026\/07\/1783538099.jpg\" alt=\"Vladislav Kreida kaugl\u00f6\u00f6k puhus Flora m\u00e4ngule elu sisse. Foto: Liisi Troska \/ jalgpall.ee\"\/>&#13;\n<\/p>\n<p>Teine poolaeg algas lubavalt. Flora j\u00f5udis mitmel korral karistusalasse ning 56. minutil p\u00e4\u00e4ses Sander Alamaa m\u00f5nelt meetrilt l\u00f6\u00f6gile, kuid Makaridze vastutulek oli \u00f5igeagne ning p\u00e4\u00e4dis Iberia v\u00e4ravavahi t\u00f5rjega. Neli minutit hiljem sai Flora innukas start valusa tagasil\u00f6\u00f6gi, sest Airon Kollo niitis Nat\u0161hebia murule ning veale j\u00e4rgnenud kollane kaart v\u00e4rvus videokohtunike abiga punaseks.<\/p>\n<p>\u00dchemehelisse v\u00e4hemusse j\u00e4\u00e4nud Flora aga ei heitunud ning j\u00e4tkas viigiv\u00e4rava otsimist. Nad j\u00f5udsid sihile 73. minutil, kui Danil Kuraksin kombineeris paremal \u00e4\u00e4rel Sergei Zenjoviga ning viimane t\u00f5stis palli Alamaale, kes vajutas alumisse nurka. 2:2! Paraku p\u00fcsis viigiseis vaid kaks minutit, sest Iberia salvas nurgal\u00f6\u00f6gist ning Bakar Kardava peaga suunamine kukkus Evert Gr\u00fcnvaldi k\u00e4e alt Flora v\u00f5rku \u2013 2:3.&#13;\n<\/p>\n<p>Eduseisu loovutanud, ent selle minutitega tagasi saanud Iberia \u00fcritas korduskohtumiseks olukorda veelgi parandada, kuid tegi seda samal ajal tagalat turvalisena hoides. Olukorra parandamine neil ei \u00f5nnestunud, mist\u00f5ttu kohtuvad meeskonnad n\u00e4dala p\u00e4rast Gruusias Iberia \u00fchev\u00e4ravalises eduseisus.\u00a0Soccernet.ee t\u00e4helepanekud m\u00e4ngust:&#13;\n<\/p>\n<p>1. Hinges on kahetsus&#13;\n<\/p>\n<p>Flora oli esimese 20 minuti jooksul koduv\u00e4ljakul h\u00e4das ning Iberiale tekkis mitu v\u00e4ravav\u00f5imalust. Eesti meister j\u00e4i olulistes duellides vastastele alla, hilines olukordadesse ega suutnud grusiinide r\u00fcnnakuplaanile vastum\u00fcrki leida. Selle tulemusena leidis Eesti meister end avapoolaja esimese poole j\u00e4rel kahev\u00e4ravalisest kaotusseisust. Kuigi sellest roniti punase kaardi kiuste viigiseisuni, siis nurgal\u00f6\u00f6gist lastud v\u00f5iduv\u00e4rav annab p\u00f5hjust kahetsuseks.<\/p>\n<p>Pealtvaatajana ei j\u00e4\u00e4nud hinge tunnet, et Iberia olnuks Florast selgelt \u00fcle, ent Eesti meistri lihtsad eksimused said seekord saatuslikuks. Penalti, punane kaart ja nurgal\u00f6\u00f6gist v\u00e4rava laskmine on v\u00e4lditavad vead, mida edasip\u00e4\u00e4sust unistades ei tohi eurolaval endale lubada.&#13;\n<\/p>\n<p><img decoding=\"async\" src=\"https:\/\/www.europesays.com\/ee\/wp-content\/uploads\/2026\/07\/1783538102.jpg\" alt=\"Thbilisi Iberia mehed v\u00f5ivad rahul olla \u2013 nad said Tallinnast vajaliku k\u00e4tte. Foto: Liisi Troska \/ jalgpall.ee\"\/>&#13;\n<\/p>\n<p>2. Kollo punane deb\u00fc\u00fct&#13;\n<\/p>\n<p>T\u00e4navu Flora p\u00f5hikeskkaitsjaks kerkinud Kollo deb\u00fc\u00fct eurosarjas meestetasemel j\u00e4i tunni aja pikkuseks. Selles on suuresti s\u00fc\u00fcd ka Kuraksinil ja keskkaitsepartneril Kolobovil, kelle omavaheline audisisseviske lahtim\u00e4ng eba\u00f5nnestus. Kollo tuli olukorda klaarima ning tegi seda j\u00f5uliselt, aga vea hinnaga. Kuigi kontakt ise ei tundunud punase kaardi t\u00f5sidusega, siis eemaldamise m\u00e4\u00e4ras t\u00f5siasi, et Kollo oli Flora kaitseliini viimane mees. 18-aastase kaitsja jaoks j\u00e4\u00e4b seet\u00f5ttu ka kordusm\u00e4ng Thbilisis vahele, ent see ei t\u00e4henda veel tema esimese eurohooaja l\u00f5ppu, sest Flora j\u00e4tkab mistahes tulemuse j\u00e4rel eurohooaega teises ringis.<\/p>\n<p>3. Kuraksini sundkasutamine paremkaitsjana t\u00f5i head kui halba&#13;\n<\/p>\n<p>Flora paremkaitsja positsioon vaevleb vigastusmurede k\u00fc\u00fcsis, kuna ei Nikita Kalm\u00f5kov, Mark Hendrik Kukk ega Matvei Jekimov pole m\u00e4nguk\u00f5lblikud. Flora on seet\u00f5ttu \u00e4\u00e4rel kasutanud nii Kolobovi kui Ilja Antonovit, kuid seekord otsustas Vassiljev harilikult \u00e4\u00e4rer\u00fcndajana m\u00e4ngiva Kuraksini kasuks, kes sai uues rollis esmase kogemuse reedeses liigam\u00e4ngus Kuressaare vastu.&#13;\n<\/p>\n<p>Ehkki Iberia avav\u00e4ravas oli Flora kaitset\u00f6\u00f6 kollektiivselt puudulik, saanuks Kuraksin viimasena v\u00e4ravat v\u00e4ltida. Pall poleks mitte mingi hinna eest tohtinud \u00e4\u00e4rekaitsja eest Nat\u0161hebiani j\u00f5uda, kes avas m\u00e4nguskoori. Seda saanuks ennetada parem kohavalik, kuid sellel positsioonil kogenematu Kuraksin eksis.&#13;\n<\/p>\n<p>Seevastu saab \u00e4\u00e4rekaitsjat kiita panuse eest r\u00fcndetegevuses. Tema kaarpallid vasaku jalaga tekitasid ohtu, nagu ka kombineerimine kaaslastega paremal \u00e4\u00e4rel. Neist m\u00e4rkimisv\u00e4\u00e4rseim oli osalus Alamaa viigiv\u00e4ravas, kus Kuraksin j\u00e4tkas h\u00e4sti v\u00e4ravas\u00f6\u00f6du andnud Zenjovile.<\/p>\n<p>4. Flora ilmutas vajalikku vaimuj\u00f5udu\u00a0\u00a0&#13;\n<\/p>\n<p>Flora v\u00f5rdlemisi noor koosseis ei kaotanud eneseusku kahev\u00e4ravalises kaotusseisus ega ka punase kaardi j\u00e4rel. Kreida kaunis kaugl\u00f6\u00f6k avapoolaja keskel t\u00f5i nad tagasi m\u00e4ngu ja viigini j\u00f5uti \u00fchemehelises v\u00e4hemuses. Eesti meister ei loovutanud teisel poolajal saadud initsiatiivi, vaid valdas ka k\u00fcmne mehega palli ning l\u00f5i v\u00e4ravav\u00f5imaluse, mille Alamaa realiseeris.&#13;\n<\/p>\n<p><img decoding=\"async\" src=\"https:\/\/www.europesays.com\/ee\/wp-content\/uploads\/2026\/07\/1783538096.jpg\" alt=\"Sander Alamaa l\u00f5i Flora viigini, mis kestis vaid paar minutit. Foto: Liisi Troska \/ jalgpall.ee \"\/>&#13;\n<\/p>\n<p>Sarnast eneseusku on vaja j\u00e4rgmisel teisip\u00e4eval Thbilisis, sest edasip\u00e4\u00e4sust r\u00e4\u00e4kides ei ole olukord lihtne. V\u00f5\u00f5rsil toimuva kordsuskohtumise eel ei ole \u00fchev\u00e4ravaline kaotusseis v\u00f5imatu \u00fcmber p\u00f6\u00f6rata, kuid selleks peab Flora Gruusia olustikuga toime tulema ning t\u00e4naseid lihteksimusi v\u00e4ltima.<\/p>\n<p>5. Gruusias l\u00e4heb m\u00f6lluks&#13;\n<\/p>\n<p>Iberiat tuli Tallinnasse toetama hinnanguliselt sajapealine f\u00e4nkond, kes laotas trib\u00fc\u00fcnile suure Gruusia lipu ja elas omadele pasunate saatel hingestatult kaasa. Nende otsatrib\u00fc\u00fcni oli raske mitte t\u00e4hele panna ja kohati tekkis isegi k\u00fcsimus, et kelle kodum\u00e4ngu \u00f5igupoolest A. Le Coq Arenal peetakse.&#13;\n<\/p>\n<p>Korduskohtumine Thbilisis t\u00f5otab tulla veelgi meeleolukam ning Florale vaimselt kurnavam, sest siis on Iberia toetajate arv t\u00e4nasest kordades suurem. Konstantin Vassiljevi noorele meeskonnale saab olema suur katsumus Gruusias m\u00e4ngides publikust mitte v\u00e4lja teha ning ainult enda m\u00e4ngule keskenduda.&#13;\n<\/p>\n<p>6. Flora parim &#8211; Sander Alamaa&#13;\n<\/p>\n<p>Flora viigiv\u00e4rava l\u00f6\u00f6nud Alamaa k\u00e4is mullu eurosarjas m\u00f5neks minutiks platsil, kuid t\u00e4nasega sai ta enda karj\u00e4\u00e4ri esimese t\u00f5elise eurom\u00e4ngu kogemuse. 18-aastane \u00e4\u00e4rer\u00fcndaja paistis silma kavalate s\u00f6\u00f6tude, julge palliga tegutsemisega ning t\u00e4pse r\u00fcnnaku l\u00f5petamisega, mis t\u00f5i Florale hetkeks viigiseisu.                         <\/p>\n","protected":false},"excerpt":{"rendered":"&#13; FC Flora t\u00e4navuse eurohooaja avapauk pakkus k\u00f5ike \u2013 penalti, punane kaart, raskest seisust v\u00e4lja ronimine, kuid seej\u00e4rel&hellip;\n","protected":false},"author":2,"featured_media":225200,"comment_status":"","ping_status":"","sticky":false,"template":"","format":"standard","meta":{"footnotes":"","_share_on_mastodon":"0"},"categories":[18],"tags":[5288,37716,89982,37,33,35,91130,34,36,161,1946,2823,1726,1190,3478,62615,42710,5492,159,158,90726,14954],"class_list":["post-225199","post","type-post","status-publish","format-standard","has-post-thumbnail","category-sport","tag-a-le-coq-arena","tag-airon-kollo","tag-danil-kuraksin","tag-ee","tag-eesti","tag-eesti-keel","tag-esimene-eelring","tag-estonia","tag-estonian","tag-fc-flora","tag-gruusia","tag-konstantin-vassiljev","tag-luup-peale","tag-meistrite-liiga","tag-mihhail-kolobov","tag-remo-valdmets","tag-sander-alamaa","tag-sergei-zenjov","tag-sport","tag-sports","tag-thibilisi-iberia","tag-vladislav-kreida"],"share_on_mastodon":{"url":"https:\/\/pubeurope.com\/@ee\/116896338317500693","error":""},"_links":{"self":[{"href":"https:\/\/www.europesays.com\/ee\/wp-json\/wp\/v2\/posts\/225199","targetHints":{"allow":["GET"]}}],"collection":[{"href":"https:\/\/www.europesays.com\/ee\/wp-json\/wp\/v2\/posts"}],"about":[{"href":"https:\/\/www.europesays.com\/ee\/wp-json\/wp\/v2\/types\/post"}],"author":[{"embeddable":true,"href":"https:\/\/www.europesays.com\/ee\/wp-json\/wp\/v2\/users\/2"}],"replies":[{"embeddable":true,"href":"https:\/\/www.europesays.com\/ee\/wp-json\/wp\/v2\/comments?post=225199"}],"version-history":[{"count":0,"href":"https:\/\/www.europesays.com\/ee\/wp-json\/wp\/v2\/posts\/225199\/revisions"}],"wp:featuredmedia":[{"embeddable":true,"href":"https:\/\/www.europesays.com\/ee\/wp-json\/wp\/v2\/media\/225200"}],"wp:attachment":[{"href":"https:\/\/www.europesays.com\/ee\/wp-json\/wp\/v2\/media?parent=225199"}],"wp:term":[{"taxonomy":"category","embeddable":true,"href":"https:\/\/www.europesays.com\/ee\/wp-json\/wp\/v2\/categories?post=225199"},{"taxonomy":"post_tag","embeddable":true,"href":"https:\/\/www.europesays.com\/ee\/wp-json\/wp\/v2\/tags?post=225199"}],"curies":[{"name":"wp","href":"https:\/\/api.w.org\/{rel}","templated":true}]}}