{"id":225205,"date":"2026-07-10T15:18:09","date_gmt":"2026-07-10T15:18:09","guid":{"rendered":"https:\/\/www.europesays.com\/ee\/225205\/"},"modified":"2026-07-10T15:18:09","modified_gmt":"2026-07-10T15:18:09","slug":"otse-delfi-tv-s-molder-tuli-eesti-tennisemeistriks-naiste-seas-triumfeeris-malogina","status":"publish","type":"post","link":"https:\/\/www.europesays.com\/ee\/225205\/","title":{"rendered":"OTSE DELFI TV-s | M\u00f6lder tuli Eesti tennisemeistriks, naiste seas triumfeeris Mal\u00f5gina"},"content":{"rendered":"<p>Mal\u00f5gina alistas finaalis Nora Olivia Adamsoni 6:2, 6:0, M\u00f6lder oli 6:3, 7:6 (7) \u00fcle Oliver Ojak\u00e4\u00e4rust.<\/p>\n<p>Meeste paarism\u00e4ngus tuli Eesti meistriks duo Edwin Averjanov &#8211; Ken Ink, kes alistasid 6:3, 6:2 paari Henry Ink &#8211; Samuel Mandelkorn. Naiste paarism\u00e4ngu v\u00f5itsid Grete Gull &#8211; Laura Rahnel, nad olid finaalis \u00fcle paarist Elizaveta Anikina &#8211; Valeria Gorlat\u0161 tulemusega 6:2, 6:3.<\/p>\n<p>P\u00e4eva l\u00f5petab segapaarism\u00e4ngu finaal Henry Ink &#8211; Grete Gull vs Karl Kiur Saar &#8211; Elizaveta Anikina, mis algab orienteeruvalt kell 18. <\/p>\n<p><img decoding=\"async\" src=\"https:\/\/www.europesays.com\/ee\/wp-content\/uploads\/2026\/07\/9ce8bd8b-939e-44f1-b806-c26be64b875f.jpg\" loading=\"lazy\" alt=\"Eesti tennise meistriv\u00f5istluste finaalip\u00e4eva ajakava.\"\/><\/p>\n<p>Galerii eilsetest poolfinaalidest:<\/p>\n<p>Oled juba tellija?Logi sisse<\/p>\n<p><a href=\"https:\/\/sport.delfi.ee\/artikkel\/120596283\/tana-delfi-tv-s-elena-malogina-laheb-eesti-meistritiitlit-kaitsma-mehed-saavad-uue-meistri\/kommentaarid\" class=\"article-body-bottom__comment article-body-bottom__comment--write button button--primary button--size-auto\" rel=\"nofollow noopener\" target=\"_blank\"> Kommenteeri <\/a><a href=\"https:\/\/sport.delfi.ee\/artikkel\/120596283\/tana-delfi-tv-s-elena-malogina-laheb-eesti-meistritiitlit-kaitsma-mehed-saavad-uue-meistri\/kommentaarid\" class=\"article-body-bottom__comment article-body-bottom__comment--read button button--size-auto\" rel=\"nofollow noopener\" target=\"_blank\"> Loe kommentaare (9)<\/a><\/p>\n","protected":false},"excerpt":{"rendered":"Mal\u00f5gina alistas finaalis Nora Olivia Adamsoni 6:2, 6:0, M\u00f6lder oli 6:3, 7:6 (7) \u00fcle Oliver Ojak\u00e4\u00e4rust. Meeste paarism\u00e4ngus&hellip;\n","protected":false},"author":2,"featured_media":225206,"comment_status":"","ping_status":"","sticky":false,"template":"","format":"standard","meta":{"footnotes":"","_share_on_mastodon":"0"},"categories":[5],"tags":[26,27,37,33,35,555,34,36,31,32,21,3423,28,29,6878,19,22752,25,23,24,22,20,30],"class_list":["post-225205","post","type-post","status-publish","format-standard","has-post-thumbnail","category-uldised-uudised","tag-breaking-news","tag-breakingnews","tag-ee","tag-eesti","tag-eesti-keel","tag-elena-malogina","tag-estonia","tag-estonian","tag-featured-news","tag-featurednews","tag-headlines","tag-kristjan-tamm","tag-latest-news","tag-latestnews","tag-markus-molder","tag-news","tag-oliver-ojakaar","tag-populaarseimad-lood","tag-top-stories","tag-topstories","tag-uldised-uudised","tag-uudised","tag-viimased-uudised"],"share_on_mastodon":{"url":"https:\/\/pubeurope.com\/@ee\/116896353985291866","error":""},"_links":{"self":[{"href":"https:\/\/www.europesays.com\/ee\/wp-json\/wp\/v2\/posts\/225205","targetHints":{"allow":["GET"]}}],"collection":[{"href":"https:\/\/www.europesays.com\/ee\/wp-json\/wp\/v2\/posts"}],"about":[{"href":"https:\/\/www.europesays.com\/ee\/wp-json\/wp\/v2\/types\/post"}],"author":[{"embeddable":true,"href":"https:\/\/www.europesays.com\/ee\/wp-json\/wp\/v2\/users\/2"}],"replies":[{"embeddable":true,"href":"https:\/\/www.europesays.com\/ee\/wp-json\/wp\/v2\/comments?post=225205"}],"version-history":[{"count":0,"href":"https:\/\/www.europesays.com\/ee\/wp-json\/wp\/v2\/posts\/225205\/revisions"}],"wp:featuredmedia":[{"embeddable":true,"href":"https:\/\/www.europesays.com\/ee\/wp-json\/wp\/v2\/media\/225206"}],"wp:attachment":[{"href":"https:\/\/www.europesays.com\/ee\/wp-json\/wp\/v2\/media?parent=225205"}],"wp:term":[{"taxonomy":"category","embeddable":true,"href":"https:\/\/www.europesays.com\/ee\/wp-json\/wp\/v2\/categories?post=225205"},{"taxonomy":"post_tag","embeddable":true,"href":"https:\/\/www.europesays.com\/ee\/wp-json\/wp\/v2\/tags?post=225205"}],"curies":[{"name":"wp","href":"https:\/\/api.w.org\/{rel}","templated":true}]}}