{"id":225241,"date":"2026-07-10T16:13:07","date_gmt":"2026-07-10T16:13:07","guid":{"rendered":"https:\/\/www.europesays.com\/ee\/225241\/"},"modified":"2026-07-10T16:13:07","modified_gmt":"2026-07-10T16:13:07","slug":"zverev-joudis-esimest-korda-wimbledoni-finaali","status":"publish","type":"post","link":"https:\/\/www.europesays.com\/ee\/225241\/","title":{"rendered":"Zverev j\u00f5udis esimest korda Wimbledoni finaali"},"content":{"rendered":"<p>Zverev l\u00e4ks avasetis 3:1 ette, kuid Fery v\u00f5ttis j\u00e4rgi ja viigistas seisu. M\u00e4ng j\u00e4tkus tasav\u00e4giselt ja j\u00e4rgnes kiire l\u00f5ppm\u00e4ng, mille Zverev v\u00f5itis 7:0. Teises setis v\u00f5itis Zverev viis geimi j\u00e4rjest enne kui Fery geimi v\u00f5iduni j\u00f5udis. Sett l\u00f5ppes Zverevi 6:2 v\u00f5iduga. Kolmandas setis \u00f5nnestus Feryl v\u00f5ita neli geimi, kuid vastu ta Zverevile siiski ei saanud ja kaotas kolmanda seti 4:6.<\/p>\n","protected":false},"excerpt":{"rendered":"Zverev l\u00e4ks avasetis 3:1 ette, kuid Fery v\u00f5ttis j\u00e4rgi ja viigistas seisu. M\u00e4ng j\u00e4tkus tasav\u00e4giselt ja j\u00e4rgnes kiire&hellip;\n","protected":false},"author":2,"featured_media":225242,"comment_status":"","ping_status":"","sticky":false,"template":"","format":"standard","meta":{"footnotes":"","_share_on_mastodon":"0"},"categories":[5],"tags":[11199,9339,90220,43081,26,27,37,33,35,34,36,31,32,21,6291,28,29,91236,19,2787,25,51,23,24,22,20,30,6777],"class_list":["post-225241","post","type-post","status-publish","format-standard","has-post-thumbnail","category-uldised-uudised","tag-alexander-zverev","tag-angelique-kerber","tag-arthur-fery","tag-boris-becker","tag-breaking-news","tag-breakingnews","tag-ee","tag-eesti","tag-eesti-keel","tag-estonia","tag-estonian","tag-featured-news","tag-featurednews","tag-headlines","tag-jannik-sinner","tag-latest-news","tag-latestnews","tag-meeste-uksikmang","tag-news","tag-novak-djokovic","tag-populaarseimad-lood","tag-saksamaa","tag-top-stories","tag-topstories","tag-uldised-uudised","tag-uudised","tag-viimased-uudised","tag-wimbledon"],"share_on_mastodon":{"url":"https:\/\/pubeurope.com\/@ee\/116896570112598143","error":""},"_links":{"self":[{"href":"https:\/\/www.europesays.com\/ee\/wp-json\/wp\/v2\/posts\/225241","targetHints":{"allow":["GET"]}}],"collection":[{"href":"https:\/\/www.europesays.com\/ee\/wp-json\/wp\/v2\/posts"}],"about":[{"href":"https:\/\/www.europesays.com\/ee\/wp-json\/wp\/v2\/types\/post"}],"author":[{"embeddable":true,"href":"https:\/\/www.europesays.com\/ee\/wp-json\/wp\/v2\/users\/2"}],"replies":[{"embeddable":true,"href":"https:\/\/www.europesays.com\/ee\/wp-json\/wp\/v2\/comments?post=225241"}],"version-history":[{"count":0,"href":"https:\/\/www.europesays.com\/ee\/wp-json\/wp\/v2\/posts\/225241\/revisions"}],"wp:featuredmedia":[{"embeddable":true,"href":"https:\/\/www.europesays.com\/ee\/wp-json\/wp\/v2\/media\/225242"}],"wp:attachment":[{"href":"https:\/\/www.europesays.com\/ee\/wp-json\/wp\/v2\/media?parent=225241"}],"wp:term":[{"taxonomy":"category","embeddable":true,"href":"https:\/\/www.europesays.com\/ee\/wp-json\/wp\/v2\/categories?post=225241"},{"taxonomy":"post_tag","embeddable":true,"href":"https:\/\/www.europesays.com\/ee\/wp-json\/wp\/v2\/tags?post=225241"}],"curies":[{"name":"wp","href":"https:\/\/api.w.org\/{rel}","templated":true}]}}