{"id":225300,"date":"2026-07-10T18:13:12","date_gmt":"2026-07-10T18:13:12","guid":{"rendered":"https:\/\/www.europesays.com\/ee\/225300\/"},"modified":"2026-07-10T18:13:12","modified_gmt":"2026-07-10T18:13:12","slug":"eesti-juhtivad-ulikoolid-tehisaruga-seotud-erialade-populaarsus-on-margatavalt-kasvanud","status":"publish","type":"post","link":"https:\/\/www.europesays.com\/ee\/225300\/","title":{"rendered":"Eesti juhtivad \u00fclikoolid: tehisaruga seotud erialade populaarsus on m\u00e4rgatavalt kasvanud"},"content":{"rendered":"<p><img decoding=\"async\" src=\"https:\/\/www.europesays.com\/ee\/wp-content\/uploads\/2026\/07\/95a500ac-c175-4d21-8cfd-9b3d47461b89.jpg\" loading=\"lazy\" alt=\"Sel suvel k\u00f5netavad kandidaate enim uued tehisintellektile keskenduvad erialad, samas huvi IT-alade vastu \u00fcldiselt on j\u00e4tkuvalt suur.\"\/><\/p>\n<p>Sel suvel k\u00f5netavad kandidaate enim uued tehisintellektile keskenduvad erialad, samas huvi IT-alade vastu \u00fcldiselt on j\u00e4tkuvalt suur.<\/p>\n<p>FOTO: Gorodenkoff| Shutterstock<\/p>\n<p>Tallinna tehnika\u00fclikooli (<a rel=\"noopener nofollow\" target=\"_blank\" href=\"https:\/\/www.delfi.ee\/teema\/83722809\/taltech\" data-rel-date-range=\"[]\">TalTech<\/a>) strateegilise kommunikatsiooni juht Kristin Rammus s\u00f5nas DigiPRO-le, et huvi IT-valdkonna vastu on TalTechis t\u00e4navu kasvanud. \u201eBakalaureuse\u00f5ppesse esitati IT \u00f5ppekavadele kokku 1341 kvalifitseeruvat avaldust, mida on mullusest 10,8% rohkem (2025. aastal 1210). Magistri\u00f5ppesse esitati 763 kvalifitseeruvat avaldust, mis t\u00e4hendab 3,4% kasvu v\u00f5rreldes eelmise aastaga (738),\u201c kirjeldas Rammus.<\/p>\n","protected":false},"excerpt":{"rendered":"Sel suvel k\u00f5netavad kandidaate enim uued tehisintellektile keskenduvad erialad, samas huvi IT-alade vastu \u00fcldiselt on j\u00e4tkuvalt suur. FOTO:&hellip;\n","protected":false},"author":2,"featured_media":225301,"comment_status":"","ping_status":"","sticky":false,"template":"","format":"standard","meta":{"footnotes":"","_share_on_mastodon":"0"},"categories":[12],"tags":[26,27,37,33,35,91243,34,36,31,32,21,10625,91244,28,29,19,25,407,246,2424,373,23,24,22,20,30],"class_list":["post-225300","post","type-post","status-publish","format-standard","has-post-thumbnail","category-eesti","tag-breaking-news","tag-breakingnews","tag-ee","tag-eesti","tag-eesti-keel","tag-eriala","tag-estonia","tag-estonian","tag-featured-news","tag-featurednews","tag-headlines","tag-it","tag-it-spetsialist","tag-latest-news","tag-latestnews","tag-news","tag-populaarseimad-lood","tag-tallinna-ulikool","tag-taltech","tag-tartu-ulikool","tag-tehisintellekt","tag-top-stories","tag-topstories","tag-uldised-uudised","tag-uudised","tag-viimased-uudised"],"share_on_mastodon":{"url":"https:\/\/pubeurope.com\/@ee\/116897041992927305","error":""},"_links":{"self":[{"href":"https:\/\/www.europesays.com\/ee\/wp-json\/wp\/v2\/posts\/225300","targetHints":{"allow":["GET"]}}],"collection":[{"href":"https:\/\/www.europesays.com\/ee\/wp-json\/wp\/v2\/posts"}],"about":[{"href":"https:\/\/www.europesays.com\/ee\/wp-json\/wp\/v2\/types\/post"}],"author":[{"embeddable":true,"href":"https:\/\/www.europesays.com\/ee\/wp-json\/wp\/v2\/users\/2"}],"replies":[{"embeddable":true,"href":"https:\/\/www.europesays.com\/ee\/wp-json\/wp\/v2\/comments?post=225300"}],"version-history":[{"count":0,"href":"https:\/\/www.europesays.com\/ee\/wp-json\/wp\/v2\/posts\/225300\/revisions"}],"wp:featuredmedia":[{"embeddable":true,"href":"https:\/\/www.europesays.com\/ee\/wp-json\/wp\/v2\/media\/225301"}],"wp:attachment":[{"href":"https:\/\/www.europesays.com\/ee\/wp-json\/wp\/v2\/media?parent=225300"}],"wp:term":[{"taxonomy":"category","embeddable":true,"href":"https:\/\/www.europesays.com\/ee\/wp-json\/wp\/v2\/categories?post=225300"},{"taxonomy":"post_tag","embeddable":true,"href":"https:\/\/www.europesays.com\/ee\/wp-json\/wp\/v2\/tags?post=225300"}],"curies":[{"name":"wp","href":"https:\/\/api.w.org\/{rel}","templated":true}]}}