{"id":225306,"date":"2026-07-10T18:22:15","date_gmt":"2026-07-10T18:22:15","guid":{"rendered":"https:\/\/www.europesays.com\/ee\/225306\/"},"modified":"2026-07-10T18:22:15","modified_gmt":"2026-07-10T18:22:15","slug":"ekspert-vastab-miks-ja-kuidas-said-saksa-autod-kiirusepiiranguks-250-km-h-kas-nad-saaksid-soita-ka-kiiremini","status":"publish","type":"post","link":"https:\/\/www.europesays.com\/ee\/225306\/","title":{"rendered":"EKSPERT VASTAB | Miks ja kuidas said Saksa autod kiirusepiiranguks 250 km\/h? Kas nad saaksid s\u00f5ita ka kiiremini?"},"content":{"rendered":"<p><img decoding=\"async\" src=\"https:\/\/www.europesays.com\/ee\/wp-content\/uploads\/2026\/07\/e34af2a7-55d3-42d5-a436-d0f86e5af554.jpg\" loading=\"lazy\" alt=\"Kiirusepiiraja v\u00e4hendab elektrooniliselt mootori v\u00f5imsust, kui auto j\u00f5uab m\u00e4\u00e4ratud tippkiiruseni, ega lase sel enam kiiremini s\u00f5ita. Pildil on BMW X5 m\u00f5\u00f5teriistad.\"\/><\/p>\n<p>Kiirusepiiraja v\u00e4hendab elektrooniliselt mootori v\u00f5imsust, kui auto j\u00f5uab m\u00e4\u00e4ratud tippkiiruseni, ega lase sel enam kiiremini s\u00f5ita. Pildil on BMW X5 m\u00f5\u00f5teriistad.<\/p>\n<p>FOTO: Nordic Light Film Studio \/ Alamy Stock Photo| Alamy Stock Photo<\/p>\n<p>Samalaadseid kokkuleppeid on Taltechi mehaanika ja t\u00f6\u00f6stustehnika instituudi nooremteaduri Tanel Jairuse s\u00f5nul tehtud ka n\u00e4iteks Jaapanis.<\/p>\n","protected":false},"excerpt":{"rendered":"Kiirusepiiraja v\u00e4hendab elektrooniliselt mootori v\u00f5imsust, kui auto j\u00f5uab m\u00e4\u00e4ratud tippkiiruseni, ega lase sel enam kiiremini s\u00f5ita. Pildil on&hellip;\n","protected":false},"author":2,"featured_media":225307,"comment_status":"","ping_status":"","sticky":false,"template":"","format":"standard","meta":{"footnotes":"","_share_on_mastodon":"0"},"categories":[14],"tags":[131,18982,1868,130,37,33,35,34,36,7595],"class_list":["post-225306","post","type-post","status-publish","format-standard","has-post-thumbnail","category-ari","tag-ari","tag-audi","tag-bmw","tag-business","tag-ee","tag-eesti","tag-eesti-keel","tag-estonia","tag-estonian","tag-mercedes"],"share_on_mastodon":{"url":"https:\/\/pubeurope.com\/@ee\/116897077599586667","error":""},"_links":{"self":[{"href":"https:\/\/www.europesays.com\/ee\/wp-json\/wp\/v2\/posts\/225306","targetHints":{"allow":["GET"]}}],"collection":[{"href":"https:\/\/www.europesays.com\/ee\/wp-json\/wp\/v2\/posts"}],"about":[{"href":"https:\/\/www.europesays.com\/ee\/wp-json\/wp\/v2\/types\/post"}],"author":[{"embeddable":true,"href":"https:\/\/www.europesays.com\/ee\/wp-json\/wp\/v2\/users\/2"}],"replies":[{"embeddable":true,"href":"https:\/\/www.europesays.com\/ee\/wp-json\/wp\/v2\/comments?post=225306"}],"version-history":[{"count":0,"href":"https:\/\/www.europesays.com\/ee\/wp-json\/wp\/v2\/posts\/225306\/revisions"}],"wp:featuredmedia":[{"embeddable":true,"href":"https:\/\/www.europesays.com\/ee\/wp-json\/wp\/v2\/media\/225307"}],"wp:attachment":[{"href":"https:\/\/www.europesays.com\/ee\/wp-json\/wp\/v2\/media?parent=225306"}],"wp:term":[{"taxonomy":"category","embeddable":true,"href":"https:\/\/www.europesays.com\/ee\/wp-json\/wp\/v2\/categories?post=225306"},{"taxonomy":"post_tag","embeddable":true,"href":"https:\/\/www.europesays.com\/ee\/wp-json\/wp\/v2\/tags?post=225306"}],"curies":[{"name":"wp","href":"https:\/\/api.w.org\/{rel}","templated":true}]}}