{"id":225313,"date":"2026-07-10T18:36:12","date_gmt":"2026-07-10T18:36:12","guid":{"rendered":"https:\/\/www.europesays.com\/ee\/225313\/"},"modified":"2026-07-10T18:36:12","modified_gmt":"2026-07-10T18:36:12","slug":"molder-alistas-ojakaaru-ja-tuli-esmakordselt-eesti-meistriks-tennis","status":"publish","type":"post","link":"https:\/\/www.europesays.com\/ee\/225313\/","title":{"rendered":"M\u00f6lder alistas Ojak\u00e4\u00e4ru ja tuli esmakordselt Eesti meistriks | Tennis"},"content":{"rendered":"<p>Tennise Eesti meistriv\u00f5istlustel v\u00f5idutses meeste \u00fcksikm\u00e4ngus esimest korda Markus M\u00f6lder, kes teenis finaalmat\u0161is v\u00f5idu Oliver Ojak\u00e4\u00e4ru \u00fcle.<\/p>\n<p>Kodustel meistriv\u00f5istlustel esimese asetuse saanud M\u00f6lder alustas finaalmat\u0161i tugevalt, kui v\u00f5itis esimesed kolm geimi. Kolmanda asetusega Ojak\u00e4\u00e4r j\u00f5udis seej\u00e4rel veel kahe geimi kaugusele, aga M\u00f6lder vormistas kindla 6:3 v\u00f5idu.<\/p>\n<p>Teine sett m\u00f6\u00f6dus tasav\u00e4giselt ning mehed vahetasid Ojak\u00e4\u00e4ru juhtimisel geimiv\u00f5itusid kuni tie-break&#8217;ini v\u00e4lja, kus pani oma paremuse maksma kolmandat korda finaalis m\u00e4nginud M\u00f6lder, kes tuli 7:6 (7) v\u00f5iduga esimest korda Eesti meistriks.<\/p>\n<p>Viimasest neljast turniirist kolm on v\u00f5itnud Kristjan Tamm ning 2023. aastal v\u00f5idutses Daniil Glinka. Aastail 2012-2021 teenis Vladimir Ivanov \u00fcheksa tiitlit, 2017. aastal tuli Tamm esimest korda meistriks.<\/p>\n<p>Reede \u00f5htul selgitati veel v\u00e4lja Eesti meistrid segapaarism\u00e4ngus, kui Karl Kiur Saar ja Elizaveta Anikina teenisid finaalis Henry Inki ja Grete Gulli \u00fcle 7:5, 6:4 v\u00f5idu. Saare jaoks on see karj\u00e4\u00e4ri viies Eesti meistritiitel, varasemalt on ta segapaaris v\u00f5idutsenud koos Maileen Nuudiga, \u00fche korra tuli ta koos Daniil Glinkaga ka meespaarism\u00e4ngus meistriks. Anikina jaoks on see esimene Eesti meistritiitel.<\/p>\n","protected":false},"excerpt":{"rendered":"Tennise Eesti meistriv\u00f5istlustel v\u00f5idutses meeste \u00fcksikm\u00e4ngus esimest korda Markus M\u00f6lder, kes teenis finaalmat\u0161is v\u00f5idu Oliver Ojak\u00e4\u00e4ru \u00fcle. Kodustel&hellip;\n","protected":false},"author":2,"featured_media":225314,"comment_status":"","ping_status":"","sticky":false,"template":"","format":"standard","meta":{"footnotes":"","_share_on_mastodon":"0"},"categories":[5],"tags":[26,27,37,33,35,34,36,31,32,21,28,29,6878,19,22752,25,91090,23,24,22,20,30],"class_list":["post-225313","post","type-post","status-publish","format-standard","has-post-thumbnail","category-uldised-uudised","tag-breaking-news","tag-breakingnews","tag-ee","tag-eesti","tag-eesti-keel","tag-estonia","tag-estonian","tag-featured-news","tag-featurednews","tag-headlines","tag-latest-news","tag-latestnews","tag-markus-molder","tag-news","tag-oliver-ojakaar","tag-populaarseimad-lood","tag-tennise-eesti-meistrivoistlused","tag-top-stories","tag-topstories","tag-uldised-uudised","tag-uudised","tag-viimased-uudised"],"share_on_mastodon":{"url":"https:\/\/pubeurope.com\/@ee\/116897132445650711","error":""},"_links":{"self":[{"href":"https:\/\/www.europesays.com\/ee\/wp-json\/wp\/v2\/posts\/225313","targetHints":{"allow":["GET"]}}],"collection":[{"href":"https:\/\/www.europesays.com\/ee\/wp-json\/wp\/v2\/posts"}],"about":[{"href":"https:\/\/www.europesays.com\/ee\/wp-json\/wp\/v2\/types\/post"}],"author":[{"embeddable":true,"href":"https:\/\/www.europesays.com\/ee\/wp-json\/wp\/v2\/users\/2"}],"replies":[{"embeddable":true,"href":"https:\/\/www.europesays.com\/ee\/wp-json\/wp\/v2\/comments?post=225313"}],"version-history":[{"count":0,"href":"https:\/\/www.europesays.com\/ee\/wp-json\/wp\/v2\/posts\/225313\/revisions"}],"wp:featuredmedia":[{"embeddable":true,"href":"https:\/\/www.europesays.com\/ee\/wp-json\/wp\/v2\/media\/225314"}],"wp:attachment":[{"href":"https:\/\/www.europesays.com\/ee\/wp-json\/wp\/v2\/media?parent=225313"}],"wp:term":[{"taxonomy":"category","embeddable":true,"href":"https:\/\/www.europesays.com\/ee\/wp-json\/wp\/v2\/categories?post=225313"},{"taxonomy":"post_tag","embeddable":true,"href":"https:\/\/www.europesays.com\/ee\/wp-json\/wp\/v2\/tags?post=225313"}],"curies":[{"name":"wp","href":"https:\/\/api.w.org\/{rel}","templated":true}]}}