{"id":225317,"date":"2026-07-10T18:46:07","date_gmt":"2026-07-10T18:46:07","guid":{"rendered":"https:\/\/www.europesays.com\/ee\/225317\/"},"modified":"2026-07-10T18:46:07","modified_gmt":"2026-07-10T18:46:07","slug":"voru-parimustantsu-festival-toob-kokku-huvilisi-nii-kodu-kui-ka-valismaalt-muusika","status":"publish","type":"post","link":"https:\/\/www.europesays.com\/ee\/225317\/","title":{"rendered":"V\u00f5ru p\u00e4rimustantsu festival toob kokku huvilisi nii kodu- kui ka v\u00e4lismaalt | Muusika"},"content":{"rendered":"<p>30. V\u00f5ru p\u00e4rimustantsu festival &#8220;Peegeldused&#8221; toob taas kokku tantsu- ja muusikahuvilised nii Eestist kui kaugemalt. N\u00e4iteks astuvad t\u00e4navu lavale tantsijad ja pillimehed Indiast ja Kreekast. Festivali on peetud igasuguse ilmaga, kuid sellest olulisem on esinejate s\u00e4ra.<\/p>\n<p>Kuni p\u00fchap\u00e4evani kestev p\u00e4rimustantsu festival t\u00e4idab V\u00f5ru linna muusika ja rahvatantsuga. Nendel p\u00e4evadel toimub palju kontserte ja \u00f5pitubasid, mitu \u00fcritust lastele ja avatud on ka vabalava.<\/p>\n<p>&#8220;Kuna meil sellel aastal on juubeliaasta, siis me p\u00f6\u00f6rame h\u00e4sti palju t\u00e4helepanu nende algusaastate festivalistele. Sellel aastal oleme p\u00fc\u00fcdnud neid traditsioone elus hoida, me oleme nii ava- kui l\u00f5ppkontserdiga kolinud tagasi Kandle aeda, kus see oli aastak\u00fcmneid, enne kui me sealt v\u00e4lja kolisime. Siis on meil tantsutoad, kus nii v\u00e4lis- kui ka Eesti r\u00fchmad \u00f5petavad tantse,&#8221; s\u00f5nas p\u00e4rimustantsu festivali korraldaja Tiia Must.<\/p>\n<p>V\u00f5ru Kandle juht Heiki Kelp oli esimese V\u00f5ru tantsufestivali korraldamise juures ning meenutab, et kuigi kolmek\u00fcmne aasta jooksul on festivali peetud igasuguse ilmaga, on ilmast olulisem tunne ja hoiak, millega tantsijad laval esinevad.<\/p>\n<p>&#8220;See ilm on olnud v\u00e4ga erisugune. On sadanud ka rahet, seega ilma p\u00e4rast ei saa nuriseda. Ilm on v\u00e4ga hea, aga minu meelest ei ole t\u00e4htis ilm, vaid see &#8211; ma vaatasin tantsijatele n\u00e4kku ja kui nende n\u00e4os on s\u00e4ra, siis see annabki selle, miks \u00fcldse tasub tulla festivalidele ja teha rahvatantsu,&#8221; \u00fctles Kelp.<\/p>\n<p>&#8220;See on minu arust Eesti ainuke folkloorifestival, kus tulevad kokku erinevatest riikidest tantsijad ja inimesed saavad vaadata nende toredaid etteasteid ja ka meie naudime seda. Kuna festival on veel alguses ja me seda v\u00e4ga palju n\u00e4inud ei ole, aga mulle v\u00e4ga meeldis see avakontsert. V\u00e4ga h\u00e4sti oli tehtud ja selline m\u00f5nus vaatamine,&#8221; s\u00f5nas k\u00fclalisesineja Roland Landing P\u00e4rnust.<\/p>\n","protected":false},"excerpt":{"rendered":"30. V\u00f5ru p\u00e4rimustantsu festival &#8220;Peegeldused&#8221; toob taas kokku tantsu- ja muusikahuvilised nii Eestist kui kaugemalt. N\u00e4iteks astuvad t\u00e4navu&hellip;\n","protected":false},"author":2,"featured_media":225318,"comment_status":"","ping_status":"","sticky":false,"template":"","format":"standard","meta":{"footnotes":"","_share_on_mastodon":"0"},"categories":[12],"tags":[26,27,37,33,35,34,36,31,32,21,91246,28,29,19,25,82256,91247,23,24,22,20,30,1298,83094],"class_list":["post-225317","post","type-post","status-publish","format-standard","has-post-thumbnail","category-eesti","tag-breaking-news","tag-breakingnews","tag-ee","tag-eesti","tag-eesti-keel","tag-estonia","tag-estonian","tag-featured-news","tag-featurednews","tag-headlines","tag-heiki-kelp","tag-latest-news","tag-latestnews","tag-news","tag-populaarseimad-lood","tag-roland-landing","tag-tiia-must","tag-top-stories","tag-topstories","tag-uldised-uudised","tag-uudised","tag-viimased-uudised","tag-voru","tag-voru-parimustantsu-festival"],"share_on_mastodon":{"url":"https:\/\/pubeurope.com\/@ee\/116897171774704924","error":""},"_links":{"self":[{"href":"https:\/\/www.europesays.com\/ee\/wp-json\/wp\/v2\/posts\/225317","targetHints":{"allow":["GET"]}}],"collection":[{"href":"https:\/\/www.europesays.com\/ee\/wp-json\/wp\/v2\/posts"}],"about":[{"href":"https:\/\/www.europesays.com\/ee\/wp-json\/wp\/v2\/types\/post"}],"author":[{"embeddable":true,"href":"https:\/\/www.europesays.com\/ee\/wp-json\/wp\/v2\/users\/2"}],"replies":[{"embeddable":true,"href":"https:\/\/www.europesays.com\/ee\/wp-json\/wp\/v2\/comments?post=225317"}],"version-history":[{"count":0,"href":"https:\/\/www.europesays.com\/ee\/wp-json\/wp\/v2\/posts\/225317\/revisions"}],"wp:featuredmedia":[{"embeddable":true,"href":"https:\/\/www.europesays.com\/ee\/wp-json\/wp\/v2\/media\/225318"}],"wp:attachment":[{"href":"https:\/\/www.europesays.com\/ee\/wp-json\/wp\/v2\/media?parent=225317"}],"wp:term":[{"taxonomy":"category","embeddable":true,"href":"https:\/\/www.europesays.com\/ee\/wp-json\/wp\/v2\/categories?post=225317"},{"taxonomy":"post_tag","embeddable":true,"href":"https:\/\/www.europesays.com\/ee\/wp-json\/wp\/v2\/tags?post=225317"}],"curies":[{"name":"wp","href":"https:\/\/api.w.org\/{rel}","templated":true}]}}