{"id":225466,"date":"2026-07-11T00:29:25","date_gmt":"2026-07-11T00:29:25","guid":{"rendered":"https:\/\/www.europesays.com\/ee\/225466\/"},"modified":"2026-07-11T00:29:25","modified_gmt":"2026-07-11T00:29:25","slug":"liina-raud-elust-ameerikas-uksikemast-immigrandil-on-vaga-raske-kaaslast-enda-korvale-leida","status":"publish","type":"post","link":"https:\/\/www.europesays.com\/ee\/225466\/","title":{"rendered":"Liina Raud elust Ameerikas: \u00fcksikemast immigrandil on v\u00e4ga raske kaaslast enda k\u00f5rvale leida"},"content":{"rendered":"<p>Need kaks Liina Rauda (38), keda olen intervjueerinud, sarnanevad teineteisega, kuid siiski mitte p\u00e4ris. Nad m\u00f5lemad on blondid, umbes meeter seitsek\u00fcmmend pikad, s\u00e4ravsiniste silmadega, mida kaunistavad ripsmetu\u0161iga mustaks v\u00e4rvitud ripsmed. Esimene Liina v\u00f5ttis mind vastu V\u00f5rtsj\u00e4rve-\u00e4\u00e4rses maakodus kaksteist aastat tagasi koos pisikese t\u00fctre Mirjami ja tollase elukaaslase, muusik Mihkel Rauaga (57). Teine Liina saabus sel suvel Chicagost Eestisse. Ta tuli Tallinna lennujaamast otse Kroonika korraldatud Eesti Meelelahutusauhindade galale, silmis maailma l\u00e4bi n\u00e4gev pilk. M\u00f5lemad Liinad kannavad \u00f5rnroosat huulepulka ja r\u00e4\u00e4givad ausalt ja otsekoheselt. Kaht kohtumist lahutavad pikad aastad. T\u00e4nane, k\u00fcmme aastat Ameerikas elanud Liina, pakatab seksapiilist. Ta r\u00e4\u00e4gib endast mahlase eneseirooniaga. Rahutus koos illusioonidega on temast lahkunud. Asemel on oma firma, koost\u00f6\u00f6pakkumised siinsetele Eesti filmitegijatele ning otsus veeta k\u00f5ik kolm suvekuud t\u00fctar Mirjami (13) ja poeg Joosepiga (10) kodumaal. <\/p>\n<p>Welcome to Estonia, Liina! Kas kodumaa v\u00f5ttis sind h\u00e4sti vastu?<\/p>\n<p>Oled juba tellija?Logi sisse<\/p>\n","protected":false},"excerpt":{"rendered":"Need kaks Liina Rauda (38), keda olen intervjueerinud, sarnanevad teineteisega, kuid siiski mitte p\u00e4ris. Nad m\u00f5lemad on blondid,&hellip;\n","protected":false},"author":2,"featured_media":225467,"comment_status":"","ping_status":"","sticky":false,"template":"","format":"standard","meta":{"footnotes":"","_share_on_mastodon":"0"},"categories":[5],"tags":[26,27,37,33,35,34,36,31,32,21,28,29,4632,1245,19,25,23,24,22,20,30],"class_list":["post-225466","post","type-post","status-publish","format-standard","has-post-thumbnail","category-uldised-uudised","tag-breaking-news","tag-breakingnews","tag-ee","tag-eesti","tag-eesti-keel","tag-estonia","tag-estonian","tag-featured-news","tag-featurednews","tag-headlines","tag-latest-news","tag-latestnews","tag-liina-raud","tag-mihkel-raud","tag-news","tag-populaarseimad-lood","tag-top-stories","tag-topstories","tag-uldised-uudised","tag-uudised","tag-viimased-uudised"],"share_on_mastodon":{"url":"https:\/\/pubeurope.com\/@ee\/116898520371987329","error":""},"_links":{"self":[{"href":"https:\/\/www.europesays.com\/ee\/wp-json\/wp\/v2\/posts\/225466","targetHints":{"allow":["GET"]}}],"collection":[{"href":"https:\/\/www.europesays.com\/ee\/wp-json\/wp\/v2\/posts"}],"about":[{"href":"https:\/\/www.europesays.com\/ee\/wp-json\/wp\/v2\/types\/post"}],"author":[{"embeddable":true,"href":"https:\/\/www.europesays.com\/ee\/wp-json\/wp\/v2\/users\/2"}],"replies":[{"embeddable":true,"href":"https:\/\/www.europesays.com\/ee\/wp-json\/wp\/v2\/comments?post=225466"}],"version-history":[{"count":0,"href":"https:\/\/www.europesays.com\/ee\/wp-json\/wp\/v2\/posts\/225466\/revisions"}],"wp:featuredmedia":[{"embeddable":true,"href":"https:\/\/www.europesays.com\/ee\/wp-json\/wp\/v2\/media\/225467"}],"wp:attachment":[{"href":"https:\/\/www.europesays.com\/ee\/wp-json\/wp\/v2\/media?parent=225466"}],"wp:term":[{"taxonomy":"category","embeddable":true,"href":"https:\/\/www.europesays.com\/ee\/wp-json\/wp\/v2\/categories?post=225466"},{"taxonomy":"post_tag","embeddable":true,"href":"https:\/\/www.europesays.com\/ee\/wp-json\/wp\/v2\/tags?post=225466"}],"curies":[{"name":"wp","href":"https:\/\/api.w.org\/{rel}","templated":true}]}}