{"id":225511,"date":"2026-07-11T05:23:55","date_gmt":"2026-07-11T05:23:55","guid":{"rendered":"https:\/\/www.europesays.com\/ee\/225511\/"},"modified":"2026-07-11T05:23:55","modified_gmt":"2026-07-11T05:23:55","slug":"laanemaal-sundis-juunis-kuus-last","status":"publish","type":"post","link":"https:\/\/www.europesays.com\/ee\/225511\/","title":{"rendered":"L\u00e4\u00e4nemaal s\u00fcndis juunis kuus last"},"content":{"rendered":"<p>            <a href=\"https:\/\/www.europesays.com\/ee\/wp-content\/uploads\/2026\/07\/baby-6798471_1280.jpg\" data-caption=\"Vasts\u00fcndinu. Foto: Pixabay\"><img loading=\"lazy\" width=\"696\" height=\"464\" class=\"entry-thumb td-modal-image lazyload\" alt=\"\" title=\"baby-6798471_1280\" src=\"https:\/\/www.europesays.com\/ee\/wp-content\/uploads\/2026\/07\/baby-6798471_1280-696x464.jpg\" decoding=\"async\"  data- data-eio-rwidth=\"696\" data-eio-rheight=\"464\"\/><\/a>Vasts\u00fcndinu. Foto: Pixabay<\/p>\n<p><a href=\"https:\/\/www.europesays.com\/ee\/wp-content\/uploads\/2026\/07\/baby-6798471_1280.jpg\" rel=\"lightbox[479381]\"><img fetchpriority=\"high\" decoding=\"async\" class=\"size-full wp-image-436626 lazyload\" alt=\"\" width=\"1280\" height=\"853\" src=\"https:\/\/www.europesays.com\/ee\/wp-content\/uploads\/2026\/07\/baby-6798471_1280.jpg\"  data- data-eio-rwidth=\"1280\" data-eio-rheight=\"853\"\/><\/a>Vasts\u00fcndinu. Foto: Pixabay<\/p>\n<p>L\u00e4\u00e4nemaal s\u00fcndis juunis kuus last, neli last v\u00e4hem kui tunamullu.<\/p>\n<p>Mais s\u00fcndis L\u00e4\u00e4nemaal kaks korda rohkem lapsi: 12. Poole aastaga on L\u00e4\u00e4nemaale lisandunud kokku 41 last. Eelmisel aasta kuue esimese kuuga s\u00fcndis L\u00e4\u00e4nemaal 52 uut ilmakodanikku.<\/p>\n<p>\u00dcle Eesti registreeriti juunis 732 s\u00fcndi, neist 346 t\u00fctarlast ja 386 poisslast. Mullu registreeriti samas kuus 749 s\u00fcndi.<\/p>\n<p>Artikkel j\u00e4tkub peale reklaami<\/p>\n<p>Juunis registreeriti 1124 surma, m\u00f6\u00f6dunud aastal samal ajal 1161.<\/p>\n<p>Reklaam<\/p>\n","protected":false},"excerpt":{"rendered":"Vasts\u00fcndinu. Foto: Pixabay Vasts\u00fcndinu. Foto: Pixabay L\u00e4\u00e4nemaal s\u00fcndis juunis kuus last, neli last v\u00e4hem kui tunamullu. Mais s\u00fcndis&hellip;\n","protected":false},"author":2,"featured_media":225512,"comment_status":"","ping_status":"","sticky":false,"template":"","format":"standard","meta":{"footnotes":"","_share_on_mastodon":"0"},"categories":[14],"tags":[131,130,37,33,35,34,36,2238],"class_list":["post-225511","post","type-post","status-publish","format-standard","has-post-thumbnail","category-ari","tag-ari","tag-business","tag-ee","tag-eesti","tag-eesti-keel","tag-estonia","tag-estonian","tag-sunnid"],"share_on_mastodon":{"url":"https:\/\/pubeurope.com\/@ee\/116899680641190851","error":""},"_links":{"self":[{"href":"https:\/\/www.europesays.com\/ee\/wp-json\/wp\/v2\/posts\/225511","targetHints":{"allow":["GET"]}}],"collection":[{"href":"https:\/\/www.europesays.com\/ee\/wp-json\/wp\/v2\/posts"}],"about":[{"href":"https:\/\/www.europesays.com\/ee\/wp-json\/wp\/v2\/types\/post"}],"author":[{"embeddable":true,"href":"https:\/\/www.europesays.com\/ee\/wp-json\/wp\/v2\/users\/2"}],"replies":[{"embeddable":true,"href":"https:\/\/www.europesays.com\/ee\/wp-json\/wp\/v2\/comments?post=225511"}],"version-history":[{"count":0,"href":"https:\/\/www.europesays.com\/ee\/wp-json\/wp\/v2\/posts\/225511\/revisions"}],"wp:featuredmedia":[{"embeddable":true,"href":"https:\/\/www.europesays.com\/ee\/wp-json\/wp\/v2\/media\/225512"}],"wp:attachment":[{"href":"https:\/\/www.europesays.com\/ee\/wp-json\/wp\/v2\/media?parent=225511"}],"wp:term":[{"taxonomy":"category","embeddable":true,"href":"https:\/\/www.europesays.com\/ee\/wp-json\/wp\/v2\/categories?post=225511"},{"taxonomy":"post_tag","embeddable":true,"href":"https:\/\/www.europesays.com\/ee\/wp-json\/wp\/v2\/tags?post=225511"}],"curies":[{"name":"wp","href":"https:\/\/api.w.org\/{rel}","templated":true}]}}